{"id":15277,"date":"2021-05-31T13:25:27","date_gmt":"2021-05-31T16:25:27","guid":{"rendered":"https:\/\/tvc16.com\/portal\/?p=15277"},"modified":"2021-05-31T13:25:29","modified_gmt":"2021-05-31T16:25:29","slug":"balcao-de-empregos-da-prefeitura-tem-oito-vagas-nesta-semana","status":"publish","type":"post","link":"https:\/\/tvc16.com\/portal\/2021\/05\/31\/balcao-de-empregos-da-prefeitura-tem-oito-vagas-nesta-semana\/","title":{"rendered":"Balc\u00e3o de Empregos da prefeitura tem oito vagas nesta semana"},"content":{"rendered":"\n<p>O Balc\u00e3o de Empregos da Prefeitura, administrado pelo Departamento de Trabalho e Renda (Detra), da Secretaria de Desenvolvimento Econ\u00f4mico, tem oito vagas dispon\u00edveis nesta semana. Os candidatos devem cadastrar os seus curr\u00edculos na prefeitura no site www.petropolis.rj.gov.br.<\/p>\n\n\n\n<p>O Balc\u00e3o de Empregos realiza a divulga\u00e7\u00e3o das vagas e os encaminhamentos dos candidatos para processo seletivo, sendo assim, fica a cargo do empregador a responsabilidade pelas entrevistas e poss\u00edveis contrata\u00e7\u00f5es. O Detra fica na Dr. Porci\u00fancula 75, Centro. O telefone para contato \u00e9 o 2246-8942. Confira as oportunidades:<\/p>\n\n\n\n<ol class=\"wp-block-list\"><li>Caseiro \u2013 1 vaga \u2013 Masculino &#8211; Faixa Et\u00e1ria de 30 a 50 anos \/ Experi\u00eancia de um a cinco anos<\/li><li>Promotor para Supermercado \u2013 3 vagas &#8211; Masculino &#8211; Faixa Et\u00e1ria de 25 a 45 anos \/ Experi\u00eancia de 1 ano em CTPS \/ Ensino M\u00e9dio Completo<\/li><li>Auxiliar de Vendas Externas \u2013 2 vagas &#8211; ambos os sexos &#8211; Acima de 18 anos e Ensino M\u00e9dio Completo<\/li><li>Motorista \u2013 1 vaga &#8211; Masculino &#8211; Ensino M\u00e9dio Completo \/ Experi\u00eancia em CTPS \/ Faixa Et\u00e1ria de 25 a 40 anos \/ Carteira Nacional de Habilita\u00e7\u00e3o D<\/li><li>Auxiliar de Servi\u00e7os Gerais &#8211; 1 vaga \u2013 Masculino &#8211; Ensino M\u00e9dio Completo \/ Experi\u00eancia em CTPS \/ Faixa Et\u00e1ria de 25 a 40 anos<\/li><\/ol>\n","protected":false},"excerpt":{"rendered":"<p>O Balc\u00e3o de Empregos da Prefeitura, administrado pelo Departamento de Trabalho e Renda (Detra), da<\/p>\n","protected":false},"author":2,"featured_media":14729,"comment_status":"open","ping_status":"open","sticky":false,"template":"","format":"standard","meta":{"footnotes":""},"categories":[12],"tags":[],"class_list":["post-15277","post","type-post","status-publish","format-standard","has-post-thumbnail","hentry","category-cidade"],"_links":{"self":[{"href":"https:\/\/tvc16.com\/portal\/wp-json\/wp\/v2\/posts\/15277","targetHints":{"allow":["GET"]}}],"collection":[{"href":"https:\/\/tvc16.com\/portal\/wp-json\/wp\/v2\/posts"}],"about":[{"href":"https:\/\/tvc16.com\/portal\/wp-json\/wp\/v2\/types\/post"}],"author":[{"embeddable":true,"href":"https:\/\/tvc16.com\/portal\/wp-json\/wp\/v2\/users\/2"}],"replies":[{"embeddable":true,"href":"https:\/\/tvc16.com\/portal\/wp-json\/wp\/v2\/comments?post=15277"}],"version-history":[{"count":1,"href":"https:\/\/tvc16.com\/portal\/wp-json\/wp\/v2\/posts\/15277\/revisions"}],"predecessor-version":[{"id":15278,"href":"https:\/\/tvc16.com\/portal\/wp-json\/wp\/v2\/posts\/15277\/revisions\/15278"}],"wp:featuredmedia":[{"embeddable":true,"href":"https:\/\/tvc16.com\/portal\/wp-json\/wp\/v2\/media\/14729"}],"wp:attachment":[{"href":"https:\/\/tvc16.com\/portal\/wp-json\/wp\/v2\/media?parent=15277"}],"wp:term":[{"taxonomy":"category","embeddable":true,"href":"https:\/\/tvc16.com\/portal\/wp-json\/wp\/v2\/categories?post=15277"},{"taxonomy":"post_tag","embeddable":true,"href":"https:\/\/tvc16.com\/portal\/wp-json\/wp\/v2\/tags?post=15277"}],"curies":[{"name":"wp","href":"https:\/\/api.w.org\/{rel}","templated":true}]}}