{"id":15279,"date":"2021-05-31T14:57:26","date_gmt":"2021-05-31T17:57:26","guid":{"rendered":"https:\/\/tvc16.com\/portal\/?p=15279"},"modified":"2021-05-31T14:57:28","modified_gmt":"2021-05-31T17:57:28","slug":"mais-tres-projetos-financiados-pelo-fundo-municipal-de-cultura-serao-lancados-nesta-semana","status":"publish","type":"post","link":"https:\/\/tvc16.com\/portal\/2021\/05\/31\/mais-tres-projetos-financiados-pelo-fundo-municipal-de-cultura-serao-lancados-nesta-semana\/","title":{"rendered":"Mais tr\u00eas projetos financiados pelo Fundo Municipal de Cultura ser\u00e3o lan\u00e7ados nesta semana"},"content":{"rendered":"\n<p>Mais tr\u00eas projetos financiados pelo Fundo Municipal de Cultura (FMC) ser\u00e3o lan\u00e7ados ao longo desta semana. O primeiro deles ser\u00e1 publicado hoje (31\/05), \u00e0s 21h, no canal do Youtube &#8220;Devir&#8221;. O v\u00eddeo ser\u00e1 sobre o trabalho de pesquisa de dan\u00e7a contempor\u00e2nea e filosofia sobre os processos de autoconhecimento que se tornaram t\u00e3o importantes durante o isolamento causado pelo coronav\u00edrus. Ao todo, dentro do edital 2020, 84 projetos ser\u00e3o agraciados pela verba do FMC.<\/p>\n\n\n\n<p>&#8220;Queremos promover um maior alcance ao conte\u00fado cultural que j\u00e1 foi realizado pelos editais, promovendo a produ\u00e7\u00e3o dos artistas locais&#8221;, explica o prefeito interino Hingo Hammes, lembrando que o governo interino homologou o resultado do edital do FMC de 2020, empenhando o valor total de R$ 220.400,00.<\/p>\n\n\n\n<p>Outra novidade desta semana \u00e9 o v\u00eddeo produzido por Cristina Lima \u201cPETR\u00d3POLIS: ONTEM E HOJE\u201d. Ele consta da realiza\u00e7\u00e3o de uma exposi\u00e7\u00e3o virtual de vinte pares de fotografias de trechos da cidade, comparando imagens de arquivo de meados do s\u00e9culo XIX at\u00e9 o in\u00edcio do s\u00e9culo XX e suas correspondentes nos dias de hoje. A produ\u00e7\u00e3o estar\u00e1 dispon\u00edvel no dia 01 de junho \u00e0s 00h.<\/p>\n\n\n\n<p>Outro evento on-line que vai ao ar no dia 01 de junho, \u00e0s 19h, \u00e9 o Incontro All\u2019Italiana, do grupo Italianos em Petr\u00f3polis. O programa se prop\u00f5e apresentar, atrav\u00e9s de entrevistas, a historia da imigra\u00e7\u00e3o italiana no munic\u00edpio, seu legado socioecon\u00f4mico e sua influencia cultural em \u00e1reas como gastronomia, hist\u00f3ria e artes, objetivando a valoriza\u00e7\u00e3o da cultura italiana com seus atrativos tur\u00edsticos e gastron\u00f4micos na cidade e com a integra\u00e7\u00e3o entre as demais col\u00f4nias.<\/p>\n","protected":false},"excerpt":{"rendered":"<p>Mais tr\u00eas projetos financiados pelo Fundo Municipal de Cultura (FMC) ser\u00e3o lan\u00e7ados ao longo desta<\/p>\n","protected":false},"author":2,"featured_media":15280,"comment_status":"open","ping_status":"open","sticky":false,"template":"","format":"standard","meta":{"footnotes":""},"categories":[12],"tags":[],"class_list":["post-15279","post","type-post","status-publish","format-standard","has-post-thumbnail","hentry","category-cidade"],"_links":{"self":[{"href":"https:\/\/tvc16.com\/portal\/wp-json\/wp\/v2\/posts\/15279","targetHints":{"allow":["GET"]}}],"collection":[{"href":"https:\/\/tvc16.com\/portal\/wp-json\/wp\/v2\/posts"}],"about":[{"href":"https:\/\/tvc16.com\/portal\/wp-json\/wp\/v2\/types\/post"}],"author":[{"embeddable":true,"href":"https:\/\/tvc16.com\/portal\/wp-json\/wp\/v2\/users\/2"}],"replies":[{"embeddable":true,"href":"https:\/\/tvc16.com\/portal\/wp-json\/wp\/v2\/comments?post=15279"}],"version-history":[{"count":1,"href":"https:\/\/tvc16.com\/portal\/wp-json\/wp\/v2\/posts\/15279\/revisions"}],"predecessor-version":[{"id":15281,"href":"https:\/\/tvc16.com\/portal\/wp-json\/wp\/v2\/posts\/15279\/revisions\/15281"}],"wp:featuredmedia":[{"embeddable":true,"href":"https:\/\/tvc16.com\/portal\/wp-json\/wp\/v2\/media\/15280"}],"wp:attachment":[{"href":"https:\/\/tvc16.com\/portal\/wp-json\/wp\/v2\/media?parent=15279"}],"wp:term":[{"taxonomy":"category","embeddable":true,"href":"https:\/\/tvc16.com\/portal\/wp-json\/wp\/v2\/categories?post=15279"},{"taxonomy":"post_tag","embeddable":true,"href":"https:\/\/tvc16.com\/portal\/wp-json\/wp\/v2\/tags?post=15279"}],"curies":[{"name":"wp","href":"https:\/\/api.w.org\/{rel}","templated":true}]}}