{"id":1528,"date":"2020-09-29T13:48:09","date_gmt":"2020-09-29T13:48:09","guid":{"rendered":"https:\/\/tvc16.com\/portal\/?p=1528"},"modified":"2020-09-29T13:48:09","modified_gmt":"2020-09-29T13:48:09","slug":"inflacao-do-aluguel-e-de-1794-em-12-meses","status":"publish","type":"post","link":"https:\/\/tvc16.com\/portal\/2020\/09\/29\/inflacao-do-aluguel-e-de-1794-em-12-meses\/","title":{"rendered":"Infla\u00e7\u00e3o do aluguel \u00e9 de 17,94% em 12 meses"},"content":{"rendered":"\n<p>\u00cdndice acumulado no ano \u00e9 de 14,40%<\/p>\n\n\n\n<p>O \u00cdndice Geral de Pre\u00e7os \u2013 Mercado (IGP-M), usado no reajuste de contratos de aluguel em todo o pa\u00eds, registrou infla\u00e7\u00e3o de 4,34% em setembro deste ano, taxa superior aos 2,74% de agosto. Segundo a Funda\u00e7\u00e3o Getulio Vargas (FGV), com o resultado o indicador acumula 14,40% no ano e 17,94% em 12 meses.<img decoding=\"async\" src=\"https:\/\/agenciabrasil.ebc.com.br\/ebc.png?id=1389205&amp;o=node\"><img decoding=\"async\" src=\"https:\/\/agenciabrasil.ebc.com.br\/ebc.gif?id=1389205&amp;o=node\"><\/p>\n\n\n\n<p>A alta de agosto para setembro foi puxada pelos tr\u00eas sub\u00edndices que comp\u00f5em o IGP-M. O \u00cdndice de Pre\u00e7os ao Produtor Amplo, que mede o atacado, passou de 3,74% em agosto para 5,92% em setembro.<\/p>\n\n\n\n<p>O \u00cdndice de Pre\u00e7os ao Consumidor, que mede o varejo, subiu de 0,48% em agosto para 0,64% em setembro. J\u00e1 o \u00cdndice Nacional de Custo da Constru\u00e7\u00e3o passou de 0,82% em agosto para 1,15% em setembro.<\/p>\n\n\n\n<p>Por Vitor Abdala &#8211; Rep\u00f3rter da Ag\u00eancia Brasil &#8211; Rio de Janeiro<\/p>\n\n\n\n<p>Edi\u00e7\u00e3o: Kleber Sampaio<\/p>\n","protected":false},"excerpt":{"rendered":"<p>\u00cdndice acumulado no ano \u00e9 de 14,40% O \u00cdndice Geral de Pre\u00e7os \u2013 Mercado (IGP-M),<\/p>\n","protected":false},"author":2,"featured_media":1529,"comment_status":"open","ping_status":"open","sticky":false,"template":"","format":"standard","meta":{"footnotes":""},"categories":[18],"tags":[],"class_list":["post-1528","post","type-post","status-publish","format-standard","has-post-thumbnail","hentry","category-economia"],"_links":{"self":[{"href":"https:\/\/tvc16.com\/portal\/wp-json\/wp\/v2\/posts\/1528","targetHints":{"allow":["GET"]}}],"collection":[{"href":"https:\/\/tvc16.com\/portal\/wp-json\/wp\/v2\/posts"}],"about":[{"href":"https:\/\/tvc16.com\/portal\/wp-json\/wp\/v2\/types\/post"}],"author":[{"embeddable":true,"href":"https:\/\/tvc16.com\/portal\/wp-json\/wp\/v2\/users\/2"}],"replies":[{"embeddable":true,"href":"https:\/\/tvc16.com\/portal\/wp-json\/wp\/v2\/comments?post=1528"}],"version-history":[{"count":1,"href":"https:\/\/tvc16.com\/portal\/wp-json\/wp\/v2\/posts\/1528\/revisions"}],"predecessor-version":[{"id":1530,"href":"https:\/\/tvc16.com\/portal\/wp-json\/wp\/v2\/posts\/1528\/revisions\/1530"}],"wp:featuredmedia":[{"embeddable":true,"href":"https:\/\/tvc16.com\/portal\/wp-json\/wp\/v2\/media\/1529"}],"wp:attachment":[{"href":"https:\/\/tvc16.com\/portal\/wp-json\/wp\/v2\/media?parent=1528"}],"wp:term":[{"taxonomy":"category","embeddable":true,"href":"https:\/\/tvc16.com\/portal\/wp-json\/wp\/v2\/categories?post=1528"},{"taxonomy":"post_tag","embeddable":true,"href":"https:\/\/tvc16.com\/portal\/wp-json\/wp\/v2\/tags?post=1528"}],"curies":[{"name":"wp","href":"https:\/\/api.w.org\/{rel}","templated":true}]}}