{"id":15282,"date":"2021-05-31T15:40:49","date_gmt":"2021-05-31T18:40:49","guid":{"rendered":"https:\/\/tvc16.com\/portal\/?p=15282"},"modified":"2021-05-31T15:40:51","modified_gmt":"2021-05-31T18:40:51","slug":"cantor-raphael-carius-celebra-sucesso-de-queda-livre","status":"publish","type":"post","link":"https:\/\/tvc16.com\/portal\/2021\/05\/31\/cantor-raphael-carius-celebra-sucesso-de-queda-livre\/","title":{"rendered":"Cantor Raphael Carius celebra sucesso de \u201cQueda Livre\u201d"},"content":{"rendered":"\n<p>Can\u00e7\u00e3o atingiu 100 mil streams nesta semana<\/p>\n\n\n\n<p>Lan\u00e7ado em janeiro deste ano, o mais recente sucesso do cantor petropolitano Raphael Carius, conquistou o total de 100 mil reprodu\u00e7\u00f5es pelo Spotify, principal plataforma usada para ouvir m\u00fasica na atualidade. \u201cQueda Livre\u201d \u00e9 o primeiro single do EP \u201cEscape\u201d, que tem previs\u00e3o de ser lan\u00e7ado nos pr\u00f3ximos meses.<\/p>\n\n\n\n<p>\u201cAs refer\u00eancias que eu encontrei pra trabalhar nesse EP s\u00e3o de coisas populares, como o pop, reggaeton e outros estilos. Estou muito ansioso pra contar essa hist\u00f3ria e pra ver todo mundo curtindo junto da gente cada uma das m\u00fasicas que estiverem l\u00e1\u201d, pontua Raphael.<\/p>\n\n\n\n<p>O \u00e1lbum fala sobre formas de fuga para situa\u00e7\u00f5es dif\u00edceis e dolorosas. S\u00e3o seis can\u00e7\u00f5es que v\u00e3o detalhar de forma mais \u00edntima, algumas dessas formas de aliviar a dor. A can\u00e7\u00e3o revela um lado de Raphael, que ele jamais entregou pro p\u00fablico antes. O artista viu na m\u00fasica, uma forma de colocar pra fora, ang\u00fastias e momentos que mexeram com a sua rotina. Uma maturidade de se perceber e sobreviver em momentos que poderiam ser ruins, como uma verdadeira entrega direto da alma.<\/p>\n\n\n\n<p>\u201cEu tenho a sensa\u00e7\u00e3o de que as pessoas s\u00f3 conhecem meu lado cantor. Mas n\u00e3o a parte humana. Eu decidi mostrar pro meu p\u00fablico, que sou como qualquer outra pessoa. Estou trazendo pro meu trabalho um assunto que acaba sendo visto como tabu, que s\u00e3o as quest\u00f5es da alma. Em Queda Livre, enxerguei uma forma de fazer isso com verdade e leveza\u201d, conta Carius.<\/p>\n\n\n\n<p>No clipe, Carius mostra tr\u00eas personalidades de si. As cenas em tons de preto retratam a ang\u00fastia. O azul traz a sobriedade e o vermelho representa o encontro com os pr\u00f3prios sonhos. Nas cenas gravadas no Vale da Lua, em Petr\u00f3polis, o destaque fica para o encontro do cantor com uma figura em tons de vermelho: uma forma de retratar os pr\u00f3prios sonhos, como se cantassem pra ele, o envolvendo e fazendo acontecer.<\/p>\n\n\n\n<p>\u201cA gente trabalha pra alcan\u00e7ar resultados como estes, mas n\u00e3o imaginava que ia ser t\u00e3o r\u00e1pido. Fazer m\u00fasica independente \u00e9 dif\u00edcil, mas acho que por se tratar de algo que \u00e9 seu, vem com mais paix\u00e3o, com entrega e os resultados s\u00e3o fruto disso\u201d, diz o cantor.<\/p>\n\n\n\n<p>Essa n\u00e3o \u00e9 a sua primeira m\u00fasica que passa as cem mil reprodu\u00e7\u00f5es. \u201cN\u00e3o vou parar\u201d, \u00faltimo sucesso lan\u00e7ado antes dessa fase, tamb\u00e9m ultrapassou as expectativas. O artista que h\u00e1 cerca de cinco anos vem trabalhando em composi\u00e7\u00f5es autorais de forma independente, se sente realizado por tudo que vem construindo. No atual momento da carreira, trabalha em faixas em portugu\u00eas, depois de trabalhos em ingl\u00eas, como Locked Away, Go Ahead e Young.<\/p>\n\n\n\n<p>\u201c\u00c9 incr\u00edvel ver o quanto a gente pode transformar a vida das pessoas com o nosso trabalho. Queda Livre \u00e9 um trabalho que proporcionou uma experi\u00eancia diferente. Muitas pessoas vieram falar comigo, pois se sentiram a vontade com o tema da can\u00e7\u00e3o, com o que envolve esse universo. Eu acho que \u00e9 uma das melhores formas de um artista se manifestar\u201d, detalha.<\/p>\n","protected":false},"excerpt":{"rendered":"<p>Can\u00e7\u00e3o atingiu 100 mil streams nesta semana Lan\u00e7ado em janeiro deste ano, o mais recente<\/p>\n","protected":false},"author":2,"featured_media":15283,"comment_status":"open","ping_status":"open","sticky":false,"template":"","format":"standard","meta":{"footnotes":""},"categories":[12],"tags":[],"class_list":["post-15282","post","type-post","status-publish","format-standard","has-post-thumbnail","hentry","category-cidade"],"_links":{"self":[{"href":"https:\/\/tvc16.com\/portal\/wp-json\/wp\/v2\/posts\/15282","targetHints":{"allow":["GET"]}}],"collection":[{"href":"https:\/\/tvc16.com\/portal\/wp-json\/wp\/v2\/posts"}],"about":[{"href":"https:\/\/tvc16.com\/portal\/wp-json\/wp\/v2\/types\/post"}],"author":[{"embeddable":true,"href":"https:\/\/tvc16.com\/portal\/wp-json\/wp\/v2\/users\/2"}],"replies":[{"embeddable":true,"href":"https:\/\/tvc16.com\/portal\/wp-json\/wp\/v2\/comments?post=15282"}],"version-history":[{"count":1,"href":"https:\/\/tvc16.com\/portal\/wp-json\/wp\/v2\/posts\/15282\/revisions"}],"predecessor-version":[{"id":15284,"href":"https:\/\/tvc16.com\/portal\/wp-json\/wp\/v2\/posts\/15282\/revisions\/15284"}],"wp:featuredmedia":[{"embeddable":true,"href":"https:\/\/tvc16.com\/portal\/wp-json\/wp\/v2\/media\/15283"}],"wp:attachment":[{"href":"https:\/\/tvc16.com\/portal\/wp-json\/wp\/v2\/media?parent=15282"}],"wp:term":[{"taxonomy":"category","embeddable":true,"href":"https:\/\/tvc16.com\/portal\/wp-json\/wp\/v2\/categories?post=15282"},{"taxonomy":"post_tag","embeddable":true,"href":"https:\/\/tvc16.com\/portal\/wp-json\/wp\/v2\/tags?post=15282"}],"curies":[{"name":"wp","href":"https:\/\/api.w.org\/{rel}","templated":true}]}}