{"id":15288,"date":"2021-05-31T17:30:39","date_gmt":"2021-05-31T20:30:39","guid":{"rendered":"https:\/\/tvc16.com\/portal\/?p=15288"},"modified":"2021-05-31T17:30:41","modified_gmt":"2021-05-31T20:30:41","slug":"conmebol-confirma-brasil-como-sede-da-copa-america-2021","status":"publish","type":"post","link":"https:\/\/tvc16.com\/portal\/2021\/05\/31\/conmebol-confirma-brasil-como-sede-da-copa-america-2021\/","title":{"rendered":"Conmebol confirma Brasil como sede da Copa Am\u00e9rica 2021"},"content":{"rendered":"\n<h3 class=\"wp-block-heading\">Depois de ser campe\u00e3o em casa em 2019, pa\u00eds ser\u00e1 sede novamente<\/h3>\n\n\n\n<h4 class=\"wp-block-heading\">Por Juliano Justo &#8211; Rep\u00f3rter da TV Brasil e R\u00e1dio Nacional &#8211; S\u00e3o Paulo<\/h4>\n\n\n\n<p>Na manh\u00e3 desta\u00a0segunda-feira (31), a Confedera\u00e7\u00e3o Sul-Americana de Futebol (Conmebol) confirmou atrav\u00e9s das redes sociais que a Copa Am\u00e9rica de 2021 ser\u00e1 sediada pelo Brasil. O acordo foi firmado depois que a Argentina, atrav\u00e9s de um comunicado do Ministro do Interior daquele pa\u00eds, Wado de Pedro, confirmar que n\u00e3o teria condi\u00e7\u00f5es de sediar o torneio pela piora da pandemia do novo coronav\u00edrus (covid-19). Com aproximadamente 45 milh\u00f5es de habitantes, a Argentina j\u00e1 registrou mais de 3,6 milh\u00f5es de casos da doen\u00e7a e 76 mil mortes causadas pelo v\u00edrus.<img decoding=\"async\" src=\"https:\/\/agenciabrasil.ebc.com.br\/ebc.png?id=1411271&amp;o=node\"><img decoding=\"async\" src=\"https:\/\/agenciabrasil.ebc.com.br\/ebc.gif?id=1411271&amp;o=node\"><\/p>\n\n\n\n<p>&#8220;A Copa Am\u00e9rica de 2021 ser\u00e1 disputada no Brasil. As datas de in\u00edcio e finaliza\u00e7\u00e3o do torneio est\u00e3o confirmadas. As sedes e a tabela ser\u00e3o informadas pela Conmebol nas pr\u00f3ximas horas&#8221;, disse a Confedera\u00e7\u00e3o Sul-Americana de Futebol em sua conta no Twitter. Tamb\u00e9m pela rede social, o presidente da entidade, Alejandro Dom\u00ednguez,\u00a0agradeceu ao presidente Jair Bolsonaro e \u00e0 CBF por &#8220;sediar o torneio de sele\u00e7\u00f5es mais antigo do mundo&#8221;.<\/p>\n\n\n\n<p>A Copa Am\u00e9rica ocorrer\u00e1 entre os dias&nbsp;13 de junho&nbsp;e&nbsp;10 de julho, com a participa\u00e7\u00e3o de 10 sele\u00e7\u00f5es divididas em dois grupos. Argentina, Bol\u00edvia, Chile, Paraguai e Uruguai est\u00e3o no Grupo A. Brasil, Col\u00f4mbia, Equador, Peru e Venezuela formam o Grupo B.<\/p>\n\n\n\n<p>Al\u00e9m da Argentina, a previs\u00e3o inicial da Conmebol era fazer o torneio tamb\u00e9m na Col\u00f4mbia, que tinha desistido anteriormente pela grave crise social que tomou conta do pa\u00eds.<\/p>\n\n\n\n<p>De acordo com a Conmebol, a premia\u00e7\u00e3o para o campe\u00e3o da Copa Am\u00e9rica ser\u00e1 de US$ 10 milh\u00f5es (cerca de R$ 57 milh\u00f5es). E cada sele\u00e7\u00e3o participante receber\u00e1 US$ 4 milh\u00f5es (quase R$ 23 milh\u00f5es). Em 2019, o Brasil, que foi o campe\u00e3o, faturou US$ 7,5 milh\u00f5es.<\/p>\n\n\n\n<p>Edi\u00e7\u00e3o: Gustavo Faria<\/p>\n","protected":false},"excerpt":{"rendered":"<p>Depois de ser campe\u00e3o em casa em 2019, pa\u00eds ser\u00e1 sede novamente Por Juliano Justo<\/p>\n","protected":false},"author":2,"featured_media":15289,"comment_status":"open","ping_status":"open","sticky":false,"template":"","format":"standard","meta":{"footnotes":""},"categories":[17],"tags":[],"class_list":["post-15288","post","type-post","status-publish","format-standard","has-post-thumbnail","hentry","category-outras-noticias"],"_links":{"self":[{"href":"https:\/\/tvc16.com\/portal\/wp-json\/wp\/v2\/posts\/15288","targetHints":{"allow":["GET"]}}],"collection":[{"href":"https:\/\/tvc16.com\/portal\/wp-json\/wp\/v2\/posts"}],"about":[{"href":"https:\/\/tvc16.com\/portal\/wp-json\/wp\/v2\/types\/post"}],"author":[{"embeddable":true,"href":"https:\/\/tvc16.com\/portal\/wp-json\/wp\/v2\/users\/2"}],"replies":[{"embeddable":true,"href":"https:\/\/tvc16.com\/portal\/wp-json\/wp\/v2\/comments?post=15288"}],"version-history":[{"count":1,"href":"https:\/\/tvc16.com\/portal\/wp-json\/wp\/v2\/posts\/15288\/revisions"}],"predecessor-version":[{"id":15290,"href":"https:\/\/tvc16.com\/portal\/wp-json\/wp\/v2\/posts\/15288\/revisions\/15290"}],"wp:featuredmedia":[{"embeddable":true,"href":"https:\/\/tvc16.com\/portal\/wp-json\/wp\/v2\/media\/15289"}],"wp:attachment":[{"href":"https:\/\/tvc16.com\/portal\/wp-json\/wp\/v2\/media?parent=15288"}],"wp:term":[{"taxonomy":"category","embeddable":true,"href":"https:\/\/tvc16.com\/portal\/wp-json\/wp\/v2\/categories?post=15288"},{"taxonomy":"post_tag","embeddable":true,"href":"https:\/\/tvc16.com\/portal\/wp-json\/wp\/v2\/tags?post=15288"}],"curies":[{"name":"wp","href":"https:\/\/api.w.org\/{rel}","templated":true}]}}