{"id":15293,"date":"2021-05-31T20:34:39","date_gmt":"2021-05-31T23:34:39","guid":{"rendered":"https:\/\/tvc16.com\/portal\/?p=15293"},"modified":"2021-05-31T20:36:10","modified_gmt":"2021-05-31T23:36:10","slug":"mais-12-pessoas-morrem-de-covid-19-em-petropolis","status":"publish","type":"post","link":"https:\/\/tvc16.com\/portal\/2021\/05\/31\/mais-12-pessoas-morrem-de-covid-19-em-petropolis\/","title":{"rendered":"Mais 12 pessoas morrem de covid-19 em Petr\u00f3polis"},"content":{"rendered":"\n<p>O boletim epidemiol\u00f3gico desta segunda (31\/05) mostra que Petr\u00f3polis fez, at\u00e9 agora, 162.206 testes para Covid-19, com 37.994 resultados positivos e 120.808 negativos (levando em considera\u00e7\u00e3o testes r\u00e1pidos e Swab). Doze \u00f3bitos foram contabilizados nesta segunda.<\/p>\n\n\n\n<p>Neste momento, 136 pessoas est\u00e3o internadas em UTIs nas redes privada e SUS. Outras 118 est\u00e3o em leitos cl\u00ednicos, considerando leitos privados e SUS, totalizando assim, 254 interna\u00e7\u00f5es em toda a rede da cidade. A ocupa\u00e7\u00e3o de leitos cl\u00ednicos na rede SUS \u00e9 de 64,94% e 70,94% em UTI.<\/p>\n\n\n\n<p>A Secretaria de Sa\u00fade esclarece que o n\u00famero de \u00f3bitos, hoje em 1.175 \u00e9 atualizado nos boletins apenas ap\u00f3s o registro do atestado de \u00f3bito e do resultado do exame do paciente no sistema da Vigil\u00e2ncia Epidemiol\u00f3gica, o que \u00e9 feito por equipe administrativa. Trata-se de medida de seguran\u00e7a para evitar erro na informa\u00e7\u00e3o divulgada pela Secretaria de Sa\u00fade.<\/p>\n\n\n\n<p>A Secretaria acrescenta, ainda, que trabalha na atualiza\u00e7\u00e3o de dados de notifica\u00e7\u00f5es e casos em an\u00e1lise no sistema, inserindo ainda dados pendentes de meses anteriores. \u00c9 poss\u00edvel acompanhar a evolu\u00e7\u00e3o dos casos no portal da transpar\u00eancia do coronav\u00edrus, no site da Prefeitura (www.petropolis.rj.gov.br).<\/p>\n\n\n\n<p>\u00d3bitos registrados:<\/p>\n\n\n\n<ol class=\"wp-block-list\"><li>Mulher, 74 anos, moradora em Corr\u00eaas. Internada em 31.01.2021 na UPA Centro. \u00d3bito registrado em 31.01.2021 na UPA Centro. Paciente com insufici\u00eancia renal cr\u00f4nica, hipertens\u00e3o arterial e doen\u00e7a cardiovascular cr\u00f4nica.<\/li><li>Homem, 90 anos, morador no S\u00e3o Sebasti\u00e3o. Internado em 15.01.2021 no HAC e transferido para o HNSA. \u00d3bito registrado em 03.02.2021 no HNSA. Paciente com hipertens\u00e3o arterial e diabetes.<\/li><li>Mulher, 80 anos, morador no Castel\u00e2nea. Internada em 14.12.2021 na UPA Cascatinha e transferida para o HCC. \u00d3bito em 05.02.2021 no HCC. Paciente com diabetes, hipertens\u00e3o arterial e doen\u00e7a cardiovascular cr\u00f4nica.<\/li><li>Mulher, 96 anos, moradora no Alto da Serra. Internada em 14.02.2021 no PSLS. \u00d3bito em 15.03.2021 no PSLS. Paciente com hemorragia digestiva alta, diabetes e doen\u00e7a cardiovascular cr\u00f4nica.<\/li><li>Homem, 45 anos, morador na Saldanha Marinho. Internado em 23.03.2021 na UPA Cascatinha e transferido para o HMNSE. \u00d3bito registrado em 27.03.2021 no HMNSE. Paciente com diabetes, hipertens\u00e3o arterial e tromboembolismo.<\/li><li>Homem, 41 anos, morador no Retiro. Internado em 30.03.2021 na UPA Centro e transferido para o HNSA. \u00d3bito em 12.04.2021 no HNSA. Paciente sem comorbidades.<\/li><li>Homem, 86 anos, morador no Duarte da Silveira. Internado em 10.05.2021 no Hospital Unimed. \u00d3bito registrado em 13.05.2021 no Hospital Unimed. Paciente com doen\u00e7a cardiovascular cr\u00f4nica e diabetes.<\/li><li>Mulher, 83 anos, moradora no Retiro. Internada em 29.04.2021 no Hospital Unimed. \u00d3bito registrado em 16.05.2021 no Hospital Unimed. Paciente com hipertens\u00e3o arterial e diabetes.<\/li><li>Homem, 55 anos, morador no Bingen. Internado em 13.05.2021 na UPA Cascatinha e transferido para o HNSA. \u00d3bito registrado em 20.05.2021 no HNSA. Paciente com hipertens\u00e3o arterial.<\/li><li>Homem, 65 anos, morador na Estrada da Saudade. Internado em 17.05.2021 na UPA Cascatinha e transferido para o HNSA. \u00d3bito registrado em 20.05.2021 no HNSA. Paciente com obesidade.<\/li><li>Homem, 26 anos, morador no Dr. Thouzet. Internado em 02.05.2021 no HST. \u00d3bito registrado em 26.05.2021 no HST. Paciente com obesidade.<\/li><li>Homem, 59 anos, morador no Carangola. Internado em 12.05.2021 na UPA Cascatinha e transferido para o HMNSE. \u00d3bito registrado em 27.05.2021 no HMNSE. Paciente com diabetes e hipertens\u00e3o arterial.<\/li><\/ol>\n","protected":false},"excerpt":{"rendered":"<p>O boletim epidemiol\u00f3gico desta segunda (31\/05) mostra que Petr\u00f3polis fez, at\u00e9 agora, 162.206 testes para<\/p>\n","protected":false},"author":2,"featured_media":15295,"comment_status":"open","ping_status":"open","sticky":false,"template":"","format":"standard","meta":{"footnotes":""},"categories":[12],"tags":[],"class_list":["post-15293","post","type-post","status-publish","format-standard","has-post-thumbnail","hentry","category-cidade"],"_links":{"self":[{"href":"https:\/\/tvc16.com\/portal\/wp-json\/wp\/v2\/posts\/15293","targetHints":{"allow":["GET"]}}],"collection":[{"href":"https:\/\/tvc16.com\/portal\/wp-json\/wp\/v2\/posts"}],"about":[{"href":"https:\/\/tvc16.com\/portal\/wp-json\/wp\/v2\/types\/post"}],"author":[{"embeddable":true,"href":"https:\/\/tvc16.com\/portal\/wp-json\/wp\/v2\/users\/2"}],"replies":[{"embeddable":true,"href":"https:\/\/tvc16.com\/portal\/wp-json\/wp\/v2\/comments?post=15293"}],"version-history":[{"count":1,"href":"https:\/\/tvc16.com\/portal\/wp-json\/wp\/v2\/posts\/15293\/revisions"}],"predecessor-version":[{"id":15294,"href":"https:\/\/tvc16.com\/portal\/wp-json\/wp\/v2\/posts\/15293\/revisions\/15294"}],"wp:featuredmedia":[{"embeddable":true,"href":"https:\/\/tvc16.com\/portal\/wp-json\/wp\/v2\/media\/15295"}],"wp:attachment":[{"href":"https:\/\/tvc16.com\/portal\/wp-json\/wp\/v2\/media?parent=15293"}],"wp:term":[{"taxonomy":"category","embeddable":true,"href":"https:\/\/tvc16.com\/portal\/wp-json\/wp\/v2\/categories?post=15293"},{"taxonomy":"post_tag","embeddable":true,"href":"https:\/\/tvc16.com\/portal\/wp-json\/wp\/v2\/tags?post=15293"}],"curies":[{"name":"wp","href":"https:\/\/api.w.org\/{rel}","templated":true}]}}