{"id":15296,"date":"2021-05-31T20:39:34","date_gmt":"2021-05-31T23:39:34","guid":{"rendered":"https:\/\/tvc16.com\/portal\/?p=15296"},"modified":"2021-05-31T20:39:36","modified_gmt":"2021-05-31T23:39:36","slug":"vacinacao-de-trabalhadores-da-educacao-comeca-nesta-quarta-feira-02-06","status":"publish","type":"post","link":"https:\/\/tvc16.com\/portal\/2021\/05\/31\/vacinacao-de-trabalhadores-da-educacao-comeca-nesta-quarta-feira-02-06\/","title":{"rendered":"Vacina\u00e7\u00e3o de trabalhadores da Educa\u00e7\u00e3o come\u00e7a nesta quarta-feira (02\/06)"},"content":{"rendered":"\n<p><em>Munic\u00edpio tamb\u00e9m abriu cadastro para profissionais de Sa\u00fade acima de 18 anos e pessoas com comorbidades acima de 30 anos<\/em><\/p>\n\n\n\n<p>A Secretaria de Sa\u00fade inicia nesta quarta-feira (02\/06) a vacina\u00e7\u00e3o de trabalhadores da Educa\u00e7\u00e3o. A amplia\u00e7\u00e3o segue determina\u00e7\u00e3o do Minist\u00e9rio da Sa\u00fade, que divulgou nova nota t\u00e9cnica alterando o momento da vacina\u00e7\u00e3o deste p\u00fablico no Plano Nacional de Imuniza\u00e7\u00e3o contra a covid-19. Neste primeiro momento ser\u00e3o vacinadas todas as pessoas que trabalham em Centros de Educa\u00e7\u00e3o Infantil (CEIs) das redes p\u00fablica e privada. A aplica\u00e7\u00e3o das doses para este p\u00fablico ser\u00e1 concentrada na Casa da Educa\u00e7\u00e3o Visconde de Mau\u00e1, no Centro, e ser\u00e1 exigido no momento da vacina a apresenta\u00e7\u00e3o de comprovante de v\u00ednculo empregat\u00edcio. Para tomar a vacina \u00e9 preciso fazer o cadastro previamente no site da prefeitura (www.petropolis.rj.gov.br).<\/p>\n\n\n\n<p>A partir desta ter\u00e7a (1\u00ba\/06), a Prefeitura amplia tamb\u00e9m a vacina\u00e7\u00e3o para trabalhadores da Sa\u00fade e pessoas com comorbidades. Ser\u00e3o vacinados os trabalhadores da Sa\u00fade com mais de 18 anos e as pessoas com comorbidades que t\u00eam a partir de 30 anos. Em ambos os casos tamb\u00e9m \u00e9 preciso fazer o cadastro no site da prefeitura (www.petropolis.rj.gov.br).<\/p>\n\n\n\n<p>\u201cEstas amplia\u00e7\u00f5es est\u00e3o sendo poss\u00edveis porque recebemos nesta segunda-feira (31\/05) mais lotes com primeiras doses das vacinas da Pfizer e AstraZeneca, al\u00e9m de uma quantidade pequena de CoronaVac destinada a segunda dose para gestantes e pu\u00e9rperas. Ao todo, s\u00e3o quase 11 mil vacinas que chegaram hoje. A Secretaria de Sa\u00fade segue fazendo todo o planejamento para que possamos seguir com a vacina\u00e7\u00e3o de forma organizada e respons\u00e1vel\u201d, explica o prefeito interino Hingo Hammes.<\/p>\n\n\n\n<p>Foram entregues pela Secretaria de Estado nesta segunda-feira, 2.340 vacinas Pfizer\/BioNTech; 8.410 doses da AstraZeneca (produzida pela Fiocruz) \u2013 um total de 10.750 primeiras doses &#8211; e ainda 230 doses da CoronaVac, produzida pelo Butantan, referentes a segunda dose para aplica\u00e7\u00e3o exclusivamente em gestantes.<\/p>\n\n\n\n<p>\u201cPetr\u00f3polis se mant\u00e9m como refer\u00eancia, com percentual de popula\u00e7\u00e3o vacinada acima dos \u00edndices registrado no Estado e o pa\u00eds. Temos mais de 83 mil pessoas que j\u00e1 receberam a primeira dose e mais de 34 mil pessoas que completaram o esquema de imuniza\u00e7\u00e3o, com a segunda dose. Todos os esfor\u00e7\u00f5es est\u00e3o sendo feitos para ampliarmos a vacina\u00e7\u00e3o o mais breve poss\u00edvel, de acordo com a chegada de novos lotes de vacinas. As equipes da Secretaria de Sa\u00fade seguem fazendo todo o planejamento para que a vacina\u00e7\u00e3o siga de forma \u00e1gil e organizada\u201d, destaca o Secret\u00e1rio de Sa\u00fade, Alo\u00edsio Barbosa da Silva Filho.<\/p>\n\n\n\n<p>A vacina\u00e7\u00e3o na cidade segue sendo realizada em 10 pontos distribu\u00eddos nos cinco distritos.<\/p>\n\n\n\n<p>Petr\u00f3polis segue o Plano Nacional de Vacina\u00e7\u00e3o, que determina a vacina\u00e7\u00e3o de todas as pessoas maiores de 18 anos (neste momento ainda n\u00e3o h\u00e1 aprova\u00e7\u00e3o, no Brasil, da vacina para crian\u00e7as e adolescentes). Em fun\u00e7\u00e3o da quantidade de doses insuficiente para todo o p\u00fablico simultaneamente, o Minist\u00e9rio da Sa\u00fade elencou os grupos priorit\u00e1rios, que foram divididos em quatro fases, come\u00e7ando pelos idosos com mais de 75 anos (1\u00aa fase), idosos com 60 a 74 anos (2\u00aa fase), pessoas com comorbidades com 18 a 59 anos (3\u00aa fase) e trabalhadores de \u00e1reas como educa\u00e7\u00e3o, limpeza p\u00fablica e transporte (4\u00aa fase). Tamb\u00e9m est\u00e3o a\u00ed os trabalhadores na \u00e1rea de sa\u00fade.<\/p>\n\n\n\n<p>Ap\u00f3s a conclus\u00e3o da vacina\u00e7\u00e3o nestes grupos, conforme prev\u00ea o Plano Nacional de Vacina\u00e7\u00e3o, ser\u00e1 aberto o cadastramento para a parcela da popula\u00e7\u00e3o que n\u00e3o faz parte dos grupos priorit\u00e1rios elencados pelo Minist\u00e9rio da Sa\u00fade.<\/p>\n\n\n\n<p><em>Podem se cadastrar para a vacina\u00e7\u00e3o no momento:<\/em><\/p>\n\n\n\n<ul class=\"wp-block-list\"><li>Profissionais da Educa\u00e7\u00e3o acima de 18 anos (que trabalham em creches e Centros de Educa\u00e7\u00e3o Infantil \u2013 CEIs) das redes p\u00fablica e privada<\/li><li>Pessoas com comorbidades acima de 30 anos<\/li><li>Trabalhadores da sa\u00fade com mais de 18 anos<\/li><li>Pessoas com s\u00edndrome de down maiores de 18 anos<\/li><li>Pessoas com autismo maiores de 18 anos<\/li><li>Pacientes renais cr\u00f4nicos com mais de 18 anos<\/li><li>Pessoas com paralisia cerebral maiores de 18 anos<\/li><li>Idosos com mais de 60 anos (aqueles que perderam o chamamento feito anteriormente)<\/li><li>Gestante e pu\u00e9rperas com comorbidades acima de 18 anos (estas n\u00e3o precisam se cadastrar previamente)<\/li><\/ul>\n","protected":false},"excerpt":{"rendered":"<p>Munic\u00edpio tamb\u00e9m abriu cadastro para profissionais de Sa\u00fade acima de 18 anos e pessoas com<\/p>\n","protected":false},"author":2,"featured_media":14865,"comment_status":"open","ping_status":"open","sticky":false,"template":"","format":"standard","meta":{"footnotes":""},"categories":[12],"tags":[],"class_list":["post-15296","post","type-post","status-publish","format-standard","has-post-thumbnail","hentry","category-cidade"],"_links":{"self":[{"href":"https:\/\/tvc16.com\/portal\/wp-json\/wp\/v2\/posts\/15296","targetHints":{"allow":["GET"]}}],"collection":[{"href":"https:\/\/tvc16.com\/portal\/wp-json\/wp\/v2\/posts"}],"about":[{"href":"https:\/\/tvc16.com\/portal\/wp-json\/wp\/v2\/types\/post"}],"author":[{"embeddable":true,"href":"https:\/\/tvc16.com\/portal\/wp-json\/wp\/v2\/users\/2"}],"replies":[{"embeddable":true,"href":"https:\/\/tvc16.com\/portal\/wp-json\/wp\/v2\/comments?post=15296"}],"version-history":[{"count":1,"href":"https:\/\/tvc16.com\/portal\/wp-json\/wp\/v2\/posts\/15296\/revisions"}],"predecessor-version":[{"id":15297,"href":"https:\/\/tvc16.com\/portal\/wp-json\/wp\/v2\/posts\/15296\/revisions\/15297"}],"wp:featuredmedia":[{"embeddable":true,"href":"https:\/\/tvc16.com\/portal\/wp-json\/wp\/v2\/media\/14865"}],"wp:attachment":[{"href":"https:\/\/tvc16.com\/portal\/wp-json\/wp\/v2\/media?parent=15296"}],"wp:term":[{"taxonomy":"category","embeddable":true,"href":"https:\/\/tvc16.com\/portal\/wp-json\/wp\/v2\/categories?post=15296"},{"taxonomy":"post_tag","embeddable":true,"href":"https:\/\/tvc16.com\/portal\/wp-json\/wp\/v2\/tags?post=15296"}],"curies":[{"name":"wp","href":"https:\/\/api.w.org\/{rel}","templated":true}]}}