{"id":15298,"date":"2021-05-31T20:41:39","date_gmt":"2021-05-31T23:41:39","guid":{"rendered":"https:\/\/tvc16.com\/portal\/?p=15298"},"modified":"2021-05-31T20:41:41","modified_gmt":"2021-05-31T23:41:41","slug":"quase-mil-pessoas-foram-imunizadas-hoje-em-petropolis","status":"publish","type":"post","link":"https:\/\/tvc16.com\/portal\/2021\/05\/31\/quase-mil-pessoas-foram-imunizadas-hoje-em-petropolis\/","title":{"rendered":"Quase mil pessoas foram imunizadas hoje em Petr\u00f3polis"},"content":{"rendered":"\n<p>As equipes de enfermagem, sob coordena\u00e7\u00e3o do departamento de Vigil\u00e2ncia em Sa\u00fade, deram sequ\u00eancia nesta segunda (31\/05) \u00e0 vacina\u00e7\u00e3o contra a Covid-19. Durante todo o dia, 956 pessoas foram vacinadas na cidade. Destas 928 receberam a primeira dose e 28 receberam a segunda dose. At\u00e9 o momento 83.814 pessoas receberam a primeira dose. Destas, 34.208 receberam tamb\u00e9m a segunda dose do imunizante.<br>Nos pontos de imuniza\u00e7\u00e3o foram vacinados 26 idosos, sendo 17 com a primeira dose e nove com a segunda. Foram vacinados tamb\u00e9m um idoso acamado e sete pacientes cr\u00f4nicos, seis destes \u00faltimos com a primeira dose e um com a segunda dose.<br>Receberam tamb\u00e9m a primeira dose 24 pessoas com defici\u00eancias, 778 pessoas com comorbidades e, ainda, duas gestantes.<br>Em paralelo, equipes vacinaram 116 profissionais de Sa\u00fade, sendo 99 com a primeira dose e 17 com a segunda dose.<br>A campanha de imuniza\u00e7\u00e3o contra a covid-19 segue nesta terca-feira (1\u00b0\/06) em 10 pontos de vacina\u00e7\u00e3o da cidade para grupos j\u00e1 convocados. Para a vacina\u00e7\u00e3o \u00e9 preciso estar cadastrado junto a Secretaria de Sa\u00fade. Os dados devem ser preenchidos no site da prefeitura (www.petropolis.rj.gov.br)<br>Podem se cadastrar para receber a vacina contra a covid-19 neste momento:<\/p>\n\n\n\n<ul class=\"wp-block-list\"><li>Pessoas com comorbidades (listadas no Plano Nacional de Imuniza\u00e7\u00e3o) maiores de 30 anos.<\/li><li>Trabalhadores da Sa\u00fade a partir de 18 anos<\/li><li>profissionais de Educa\u00e7\u00e3o maiores de 18 anos que estejam trabalhando em creches e Centros de Educa\u00e7\u00e3o infantil (CEIs) das redes p\u00fablica e privada.<\/li><li>Pessoas com s\u00edndrome de down maiores de 18 anos<\/li><li>Pessoas com autismo maiores de 18 anos<\/li><li>Pessoas com paralisia cerebral maiores de 18 anos<\/li><li>Pacientes renais cr\u00f4nicos em di\u00e1lise, maiores de 18 anos<\/li><li>Pessoas com defici\u00eancia permanente cadastradas no Programa de Benef\u00edcio de Presta\u00e7\u00e3o Continuada (BPC) com mais de 30 anos.<\/li><li>Idosos com mais de 60 anos (que perderam os chamados anteriores)<br>*A vacina\u00e7\u00e3o de gestantes e pu\u00e9rperas maiores de 18 anos com comorbidades, tamb\u00e9m segue com a aplica\u00e7\u00e3o da vacina CoronaVac. As doses do imunizante do Butantan recebidas no \u00faltimo lote devem ser destinadas exclusivamente a este p\u00fablico e est\u00e3o sendo aplicadas em dois pontos da cidade: no campus da UCP Benjamin Constant (Centro) e no Parque Municipal, em Itaipava.<br>*Em caso de d\u00favidas \u00e9 poss\u00edvel utilizar o Whatsapp da Sa\u00fade, um assistente virtual que fornece informa\u00e7\u00f5es sobre a vacina\u00e7\u00e3o, locais de atendimento a pacientes com sintomas da doen\u00e7a e boletins. H\u00e1, ainda, informa\u00e7\u00f5es sobre a vacina\u00e7\u00e3o contra a gripe. O atendimento est\u00e1 dispon\u00edvel pelo n\u00famero (24) 9.9200-1428.<\/li><\/ul>\n","protected":false},"excerpt":{"rendered":"<p>As equipes de enfermagem, sob coordena\u00e7\u00e3o do departamento de Vigil\u00e2ncia em Sa\u00fade, deram sequ\u00eancia nesta<\/p>\n","protected":false},"author":2,"featured_media":15103,"comment_status":"open","ping_status":"open","sticky":false,"template":"","format":"standard","meta":{"footnotes":""},"categories":[12],"tags":[],"class_list":["post-15298","post","type-post","status-publish","format-standard","has-post-thumbnail","hentry","category-cidade"],"_links":{"self":[{"href":"https:\/\/tvc16.com\/portal\/wp-json\/wp\/v2\/posts\/15298","targetHints":{"allow":["GET"]}}],"collection":[{"href":"https:\/\/tvc16.com\/portal\/wp-json\/wp\/v2\/posts"}],"about":[{"href":"https:\/\/tvc16.com\/portal\/wp-json\/wp\/v2\/types\/post"}],"author":[{"embeddable":true,"href":"https:\/\/tvc16.com\/portal\/wp-json\/wp\/v2\/users\/2"}],"replies":[{"embeddable":true,"href":"https:\/\/tvc16.com\/portal\/wp-json\/wp\/v2\/comments?post=15298"}],"version-history":[{"count":1,"href":"https:\/\/tvc16.com\/portal\/wp-json\/wp\/v2\/posts\/15298\/revisions"}],"predecessor-version":[{"id":15299,"href":"https:\/\/tvc16.com\/portal\/wp-json\/wp\/v2\/posts\/15298\/revisions\/15299"}],"wp:featuredmedia":[{"embeddable":true,"href":"https:\/\/tvc16.com\/portal\/wp-json\/wp\/v2\/media\/15103"}],"wp:attachment":[{"href":"https:\/\/tvc16.com\/portal\/wp-json\/wp\/v2\/media?parent=15298"}],"wp:term":[{"taxonomy":"category","embeddable":true,"href":"https:\/\/tvc16.com\/portal\/wp-json\/wp\/v2\/categories?post=15298"},{"taxonomy":"post_tag","embeddable":true,"href":"https:\/\/tvc16.com\/portal\/wp-json\/wp\/v2\/tags?post=15298"}],"curies":[{"name":"wp","href":"https:\/\/api.w.org\/{rel}","templated":true}]}}