{"id":15309,"date":"2021-06-01T10:51:58","date_gmt":"2021-06-01T13:51:58","guid":{"rendered":"https:\/\/tvc16.com\/portal\/?p=15309"},"modified":"2021-06-01T10:52:00","modified_gmt":"2021-06-01T13:52:00","slug":"rua-teresa-com-lojas-abertas-no-feriado-de-corpus-christi","status":"publish","type":"post","link":"https:\/\/tvc16.com\/portal\/2021\/06\/01\/rua-teresa-com-lojas-abertas-no-feriado-de-corpus-christi\/","title":{"rendered":"Rua Teresa com lojas abertas no feriado de Corpus Christi"},"content":{"rendered":"\n<p><strong>Marcas se preparam para o Dia dos Namorados<\/strong><\/p>\n\n\n\n<p>A Rua Teresa vai funcionar normalmente do feriado de Corpus Christi, celebrado na pr\u00f3xima quinta-feira (03.06). A Conven\u00e7\u00e3o Coletiva do com\u00e9rcio permite que as lojas funcionem mediante assinatura de Termo de Ades\u00e3o junto ao Sindicato do Com\u00e9rcio Varejista de Petr\u00f3polis (Sicom\u00e9rcio) e ao Sindicato dos Empregados no Com\u00e9rcio de Petr\u00f3polis (SECP).<\/p>\n\n\n\n<p>\u201cEstamos no m\u00eas dos namorados e n\u00e3o podemos perder a oportunidade de abrir as lojas. Ainda \u00e9 um momento delicado para economia e precisamos manter o foco nas vendas. Um feriado no meio da semana precisa ser aproveitado\u201d, refor\u00e7a Denise Fiorini, presidente da Associa\u00e7\u00e3o da Rua Teresa (ARTE).<\/p>\n\n\n\n<p>Segundo a ARTE, as lojas funcionar\u00e3o em hor\u00e1rio normal, das 9h \u00e0s 18h. O Termo de Ades\u00e3o pode ser protocolado nos Sindicatos at\u00e9 um dia antes do feriado. O documento e as orienta\u00e7\u00f5es para preenchimento do termo est\u00e3o dispon\u00edveis no site do Sicom\u00e9rcio.<\/p>\n\n\n\n<p><strong>Acesso ao polo de moda e protocolos de atendimento<\/strong><\/p>\n\n\n\n<p>A Rua Teresa segue funcionando dentro das especifica\u00e7\u00f5es de hor\u00e1rio definidas em decreto municipal, e mant\u00e9m os protocolos de atendimento para evitar a dissemina\u00e7\u00e3o do coronav\u00edrus. Todas as marcas limitam o acesso ao interior das lojas de acordo com a \u00e1rea e oferecem aos colaboradores e clientes \u00e1lcool em gel para desinfec\u00e7\u00e3o das m\u00e3os. A limpeza dos estabelecimentos foi intensificada e o uso de m\u00e1scara de prote\u00e7\u00e3o \u00e9 exigida durante todo o atendimento.<\/p>\n\n\n\n<p>Para os visitantes de outras cidades, as marcas disponibilizam um <em>ticket<\/em> de entrada que deve ser preenchido pelas lojas e apresentado pelo cliente nas barreiras sanit\u00e1rias. Os ocupantes do ve\u00edculo tem a temperatura corporal aferida e precisam seguir todos os protocolos municipais. As informa\u00e7\u00f5es sobre o funcionamento das lojas e sobre o formul\u00e1rio de acesso est\u00e3o no <em>Instagram<\/em> da Rua Teresa: @ruateresaoficial.<\/p>\n","protected":false},"excerpt":{"rendered":"<p>Marcas se preparam para o Dia dos Namorados A Rua Teresa vai funcionar normalmente do<\/p>\n","protected":false},"author":2,"featured_media":15311,"comment_status":"open","ping_status":"open","sticky":false,"template":"","format":"standard","meta":{"footnotes":""},"categories":[12],"tags":[],"class_list":["post-15309","post","type-post","status-publish","format-standard","has-post-thumbnail","hentry","category-cidade"],"_links":{"self":[{"href":"https:\/\/tvc16.com\/portal\/wp-json\/wp\/v2\/posts\/15309","targetHints":{"allow":["GET"]}}],"collection":[{"href":"https:\/\/tvc16.com\/portal\/wp-json\/wp\/v2\/posts"}],"about":[{"href":"https:\/\/tvc16.com\/portal\/wp-json\/wp\/v2\/types\/post"}],"author":[{"embeddable":true,"href":"https:\/\/tvc16.com\/portal\/wp-json\/wp\/v2\/users\/2"}],"replies":[{"embeddable":true,"href":"https:\/\/tvc16.com\/portal\/wp-json\/wp\/v2\/comments?post=15309"}],"version-history":[{"count":1,"href":"https:\/\/tvc16.com\/portal\/wp-json\/wp\/v2\/posts\/15309\/revisions"}],"predecessor-version":[{"id":15312,"href":"https:\/\/tvc16.com\/portal\/wp-json\/wp\/v2\/posts\/15309\/revisions\/15312"}],"wp:featuredmedia":[{"embeddable":true,"href":"https:\/\/tvc16.com\/portal\/wp-json\/wp\/v2\/media\/15311"}],"wp:attachment":[{"href":"https:\/\/tvc16.com\/portal\/wp-json\/wp\/v2\/media?parent=15309"}],"wp:term":[{"taxonomy":"category","embeddable":true,"href":"https:\/\/tvc16.com\/portal\/wp-json\/wp\/v2\/categories?post=15309"},{"taxonomy":"post_tag","embeddable":true,"href":"https:\/\/tvc16.com\/portal\/wp-json\/wp\/v2\/tags?post=15309"}],"curies":[{"name":"wp","href":"https:\/\/api.w.org\/{rel}","templated":true}]}}