{"id":15314,"date":"2021-06-01T14:24:42","date_gmt":"2021-06-01T17:24:42","guid":{"rendered":"https:\/\/tvc16.com\/portal\/?p=15314"},"modified":"2021-06-01T14:24:44","modified_gmt":"2021-06-01T17:24:44","slug":"vacinacao-para-profissionais-da-educacao-comeca-a-ser-feita-na-casa-da-educacao-visconde-de-maua","status":"publish","type":"post","link":"https:\/\/tvc16.com\/portal\/2021\/06\/01\/vacinacao-para-profissionais-da-educacao-comeca-a-ser-feita-na-casa-da-educacao-visconde-de-maua\/","title":{"rendered":"Vacina\u00e7\u00e3o para profissionais da Educa\u00e7\u00e3o come\u00e7a a ser feita na Casa da Educa\u00e7\u00e3o Visconde de Mau\u00e1"},"content":{"rendered":"\n<p>S\u00f3 ser\u00e3o vacinados os profissionais previamente cadastrados no site da PMP<\/p>\n\n\n\n<p>A Prefeitura de Petr\u00f3polis iniciar\u00e1 a vacina\u00e7\u00e3o para os profissionais da Educa\u00e7\u00e3o nesta quarta-feira (02\/06) na Casa da Educa\u00e7\u00e3o Visconde de Mau\u00e1. Ser\u00e3o vacinados todos os funcion\u00e1rios que atuam em Centros de Educa\u00e7\u00e3o Infantil (CEIs) e tamb\u00e9m os que atuam nas escolas, especificamente nas turmas que atendem a educa\u00e7\u00e3o infantil (crian\u00e7as de at\u00e9 cinco anos). A vacina\u00e7\u00e3o para esse p\u00fablico-alvo segue determina\u00e7\u00e3o do Minist\u00e9rio da Sa\u00fade que divulgou Nota T\u00e9cnica alterando a programa\u00e7\u00e3o no Plano Nacional de Imuniza\u00e7\u00e3o contra a Covid-19. Importante destacar que s\u00f3 ser\u00e3o vacinados os profissionais da Educa\u00e7\u00e3o previamente cadastrados no site da prefeitura (www.petropolis.rj.gov.br) e o local ser\u00e1 a Casa da Educa\u00e7\u00e3o Visconde de Mau\u00e1, mesmo local onde \u00e9 feita a vacina\u00e7\u00e3o de profissionais e trabalhadores da Sa\u00fade.<\/p>\n\n\n\n<p>Tanto os profissionais das redes p\u00fablicas quanto da rede particular podem se cadastrar. A disponibiliza\u00e7\u00e3o e vagas para o cadastramento \u00e9 feita de acordo com a quantidade de doses enviadas pelo Minist\u00e9rio para serem destinadas a este p\u00fablico. O prefeito interino Hingo Hammes salienta que o munic\u00edpio recebeu no in\u00edcio da semana novas doses das vacinas Pfizer\/BioNTech e AstraZeneca, somando um total de 10.750 primeiras doses, al\u00e9m de 230 doses de Coronovac, referentes a segunda dose para gestantes, e reitera que o munic\u00edpio continua seguindo as determina\u00e7\u00f5es do Plano de Imuniza\u00e7\u00e3o.<\/p>\n\n\n\n<p>\u201cA abertura do cadastro dos profissionais ter\u00e1 continuidade conforme o calend\u00e1rio do Minist\u00e9rio da Sa\u00fade. Importante que todos tenham calma nesse momento, pois \u00e0 medida que mais doses sejam disponibilizadas todos ser\u00e3o contemplados. O cadastramento, que vem sendo feito desde o in\u00edcio da vacina\u00e7\u00e3o, faz parte do planejamento e \u00e9 fundamental para que haja controle da Secretaria de Sa\u00fade; para que se evite aglomera\u00e7\u00f5es nos pontos de vacina\u00e7\u00e3o\u201d, afirma Hingo Hammes.<\/p>\n\n\n\n<p>\u201cEste planejamento tem sido fundamental para que Petr\u00f3polis se mantenha como refer\u00eancia na vacina\u00e7\u00e3o contra a covid-19. Estamos avan\u00e7ando mais um pouco agora com o in\u00edcio da vacina\u00e7\u00e3o para os profissionais de Educa\u00e7\u00e3o, conforme as orienta\u00e7\u00f5es do Minist\u00e9rio da Sa\u00fade. Temos mais de 83 mil pessoas vacinadas com a primeira dose e mais de 34 mil pessoas que completaram o esquema de imuniza\u00e7\u00e3o. Seguimos com percentual de vacina\u00e7\u00e3o acima dos \u00edndices registrado no Estado e o pa\u00eds. A equipe da Secretaria de Sa\u00fade est\u00e1 empenhada para ampliarmos a vacina\u00e7\u00e3o o mais breve poss\u00edvel\u201d, frisa o secret\u00e1rio de Sa\u00fade, Alo\u00edsio Barbosa da Silva Filho. Destacando que para isso o munic\u00edpio depende da chegada de novos lotes de vacinas. \u201cAs equipes da Secretaria de Sa\u00fade seguem fazendo todo o planejamento para que a vacina\u00e7\u00e3o siga de forma \u00e1gil e organizada\u201d, assinala<\/p>\n\n\n\n<p>Al\u00e9m de professores, funcion\u00e1rios de apoio, setores administrativos e das equipes gestoras que atuam nas institui\u00e7\u00f5es de ensino que atendem educa\u00e7\u00e3o infantil podem fazer o cadastro. No caso da rede municipal, al\u00e9m do preenchimento de cadastro no site da prefeitura, a Secretaria de Educa\u00e7\u00e3o informar\u00e1 \u00e0 Secretaria de Sa\u00fade os nomes dos profissionais que est\u00e3o lotados nos CEIs, Escolas de Educa\u00e7\u00e3o Infantil e Escolas regulares que atendem as turmas da educa\u00e7\u00e3o infantil para facilitar na confer\u00eancia de dados no momento da vacina.<\/p>\n\n\n\n<p>Com rela\u00e7\u00e3o aos funcion\u00e1rios da rede particular, ap\u00f3s o cadastro no site da prefeitura, no dia da vacina\u00e7\u00e3o, o profissional dever\u00e1 levar um documento da escola onde atua, assinado e carimbado pelo respons\u00e1vel da unidade escolar, em papel timbrado, com identifica\u00e7\u00e3o oficial da escola, informando que, nos afazeres di\u00e1rios, o funcion\u00e1rio atua diretamente ou tem contato com as turmas que atendem \u00e0 educa\u00e7\u00e3o infantil.<\/p>\n\n\n\n<p>\u201cEsse \u00e9 um momento muito esperado por todos da Educa\u00e7\u00e3o e esperamos brevemente aux\u00edlio do governo federal para que todos os profissionais de todos os segmentos possam ser vacinados. Enquanto isso, estamos dando o primeiro passo. Pedimos calma, nem todos poder\u00e3o ser vacinados nos primeiros dias por conta da capacidade di\u00e1ria de vacina\u00e7\u00e3o, mas, o sistema de cadastro ficar\u00e1 aberto para que todos desse p\u00fablico espec\u00edfico possam ser vacinados\u201d, explica a secret\u00e1ria de Educa\u00e7\u00e3o, Marcia Palma.<\/p>\n\n\n\n<p>Sobre a vacina\u00e7\u00e3o no munic\u00edpio:<\/p>\n\n\n\n<p>Petr\u00f3polis segue o Plano Nacional de Vacina\u00e7\u00e3o, que determina a vacina\u00e7\u00e3o de todas as pessoas maiores de 18 anos (neste momento ainda n\u00e3o h\u00e1 aprova\u00e7\u00e3o, no Brasil, da vacina para crian\u00e7as e adolescentes). Em fun\u00e7\u00e3o da quantidade de doses insuficiente para todo o p\u00fablico simultaneamente, o Minist\u00e9rio da Sa\u00fade elencou os grupos priorit\u00e1rios, que foram divididos em quatro fases, come\u00e7ando pelos idosos com mais de 75 anos (1\u00aa fase), idosos com 60 a 74 anos (2\u00aa fase), pessoas com comorbidades com 18 a 59 anos (3\u00aa fase) e trabalhadores de \u00e1reas como educa\u00e7\u00e3o, limpeza p\u00fablica e transporte (4\u00aa fase). Tamb\u00e9m est\u00e3o a\u00ed os trabalhadores na \u00e1rea de sa\u00fade.<\/p>\n\n\n\n<p>Ap\u00f3s a conclus\u00e3o da vacina\u00e7\u00e3o nestes grupos, conforme prev\u00ea o Plano Nacional de Vacina\u00e7\u00e3o, ser\u00e1 aberto o cadastramento para a parcela da popula\u00e7\u00e3o que n\u00e3o faz parte dos grupos priorit\u00e1rios elencados pelo Minist\u00e9rio da Sa\u00fade.<\/p>\n\n\n\n<p>Podem se cadastrar para a vacina\u00e7\u00e3o no momento:<\/p>\n\n\n\n<ul class=\"wp-block-list\"><li>Profissionais da Educa\u00e7\u00e3o acima de 18 anos (que trabalham em creches e Centros de Educa\u00e7\u00e3o Infantil \u2013 CEIs) das redes p\u00fablica e privada<\/li><li>Pessoas com comorbidades acima de 30 anos<\/li><li>Trabalhadores da sa\u00fade com mais de 18 anos<\/li><li>Pessoas com s\u00edndrome de down maiores de 18 anos<\/li><li>Pessoas com autismo maiores de 18 anos<\/li><li>Pacientes renais cr\u00f4nicos com mais de 18 anos<\/li><li>Pessoas com paralisia cerebral maiores de 18 anos<\/li><li>Pessoas com defici\u00eancia permanente cadastradas no Programa de Benef\u00edcio de Presta\u00e7\u00e3o Continuada (BPC) com mais de 30 anos.<\/li><li>Idosos com mais de 60 anos (aqueles que perderam o chamamento feito anteriormente)<\/li><li>Gestante e pu\u00e9rperas com comorbidades acima de 18 anos (estas n\u00e3o precisam se cadastrar previamente)<\/li><\/ul>\n","protected":false},"excerpt":{"rendered":"<p>S\u00f3 ser\u00e3o vacinados os profissionais previamente cadastrados no site da PMP A Prefeitura de Petr\u00f3polis<\/p>\n","protected":false},"author":2,"featured_media":15315,"comment_status":"open","ping_status":"open","sticky":false,"template":"","format":"standard","meta":{"footnotes":""},"categories":[12],"tags":[],"class_list":["post-15314","post","type-post","status-publish","format-standard","has-post-thumbnail","hentry","category-cidade"],"_links":{"self":[{"href":"https:\/\/tvc16.com\/portal\/wp-json\/wp\/v2\/posts\/15314","targetHints":{"allow":["GET"]}}],"collection":[{"href":"https:\/\/tvc16.com\/portal\/wp-json\/wp\/v2\/posts"}],"about":[{"href":"https:\/\/tvc16.com\/portal\/wp-json\/wp\/v2\/types\/post"}],"author":[{"embeddable":true,"href":"https:\/\/tvc16.com\/portal\/wp-json\/wp\/v2\/users\/2"}],"replies":[{"embeddable":true,"href":"https:\/\/tvc16.com\/portal\/wp-json\/wp\/v2\/comments?post=15314"}],"version-history":[{"count":1,"href":"https:\/\/tvc16.com\/portal\/wp-json\/wp\/v2\/posts\/15314\/revisions"}],"predecessor-version":[{"id":15316,"href":"https:\/\/tvc16.com\/portal\/wp-json\/wp\/v2\/posts\/15314\/revisions\/15316"}],"wp:featuredmedia":[{"embeddable":true,"href":"https:\/\/tvc16.com\/portal\/wp-json\/wp\/v2\/media\/15315"}],"wp:attachment":[{"href":"https:\/\/tvc16.com\/portal\/wp-json\/wp\/v2\/media?parent=15314"}],"wp:term":[{"taxonomy":"category","embeddable":true,"href":"https:\/\/tvc16.com\/portal\/wp-json\/wp\/v2\/categories?post=15314"},{"taxonomy":"post_tag","embeddable":true,"href":"https:\/\/tvc16.com\/portal\/wp-json\/wp\/v2\/tags?post=15314"}],"curies":[{"name":"wp","href":"https:\/\/api.w.org\/{rel}","templated":true}]}}