{"id":15317,"date":"2021-06-01T18:00:09","date_gmt":"2021-06-01T21:00:09","guid":{"rendered":"https:\/\/tvc16.com\/portal\/?p=15317"},"modified":"2021-06-01T18:00:11","modified_gmt":"2021-06-01T21:00:11","slug":"times-brasileiros-nao-se-enfrentam-nas-oitavas-da-copa-sul-americana","status":"publish","type":"post","link":"https:\/\/tvc16.com\/portal\/2021\/06\/01\/times-brasileiros-nao-se-enfrentam-nas-oitavas-da-copa-sul-americana\/","title":{"rendered":"Times brasileiros n\u00e3o se enfrentam nas oitavas da Copa Sul-Americana"},"content":{"rendered":"\n<h3 class=\"wp-block-heading\">Gr\u00eamio, Santos, Athletico-PR e Bragantino disputam fase mata-mata<\/h3>\n\n\n\n<h4 class=\"wp-block-heading\">Por Rodrigo Ricardo &#8211; Rep\u00f3rter da R\u00e1dio Nacional &#8211; Rio de Janeiro<\/h4>\n\n\n\n<p>Os confrontos das oitavas de final da Copa Sul-Americana est\u00e3o definidos. Os quatro brasileiros classificados n\u00e3o se enfrentar\u00e3o nesta fase mata-mata (jogos de ida e volta).&nbsp;O Gr\u00eamio, que fez a melhor campanha na fase de grupos,&nbsp;ter\u00e1 pela frente a&nbsp;LDU (Equador), com a vantagem de jogar em casa o segundo e \u00faltimo duelo.&nbsp;Eliminado da Libertadores da Am\u00e9rica, o Santos encara o Independiente (Argentina), que soma nove t\u00edtulos continentais.<img decoding=\"async\" src=\"https:\/\/agenciabrasil.ebc.com.br\/ebc.png?id=1411409&amp;o=node\"><img decoding=\"async\" src=\"https:\/\/agenciabrasil.ebc.com.br\/ebc.gif?id=1411409&amp;o=node\"><\/p>\n\n\n\n<p>J\u00e1 o Athletico-PR, que conquistou a Sula em 2019, vai pegar o Am\u00e9rica de Cali (Col\u00f4mbia). De volta aos torneios continentais ap\u00f3s 25 anos, o Red Bull Bragantino vai\u00a0ter\u00a0o Independiente del Valle (Equador) como advers\u00e1rio nas oitavas da Sula.\u00a0Os embates das oitavas da Sul-Americana come\u00e7ar\u00e3o em 13 de julho.<\/p>\n\n\n\n<p>A final da Copa Sul-Americana ser\u00e1 em partida \u00fanica no Est\u00e1dio Centen\u00e1rio, em Montevid\u00e9u (Uruguai). O campe\u00e3o ganha o direito a disputar a Libertadores do pr\u00f3ximo ano e a final da Recopa, al\u00e9m de um pr\u00eamio total, somadas todas as fases, de aproximadamente US$ 7 milh\u00f5es (R$ 36 milh\u00f5es). H\u00e1 a previs\u00e3o ainda de uma vaga no Mundial Interclubes da Fifa, mas a entidade ainda n\u00e3o definiu o formato do novo torneio.<\/p>\n\n\n\n<p>Edi\u00e7\u00e3o: Cl\u00e1udia Soares Rodrigues<\/p>\n","protected":false},"excerpt":{"rendered":"<p>Gr\u00eamio, Santos, Athletico-PR e Bragantino disputam fase mata-mata Por Rodrigo Ricardo &#8211; Rep\u00f3rter da R\u00e1dio<\/p>\n","protected":false},"author":2,"featured_media":15318,"comment_status":"open","ping_status":"open","sticky":false,"template":"","format":"standard","meta":{"footnotes":""},"categories":[17],"tags":[],"class_list":["post-15317","post","type-post","status-publish","format-standard","has-post-thumbnail","hentry","category-outras-noticias"],"_links":{"self":[{"href":"https:\/\/tvc16.com\/portal\/wp-json\/wp\/v2\/posts\/15317","targetHints":{"allow":["GET"]}}],"collection":[{"href":"https:\/\/tvc16.com\/portal\/wp-json\/wp\/v2\/posts"}],"about":[{"href":"https:\/\/tvc16.com\/portal\/wp-json\/wp\/v2\/types\/post"}],"author":[{"embeddable":true,"href":"https:\/\/tvc16.com\/portal\/wp-json\/wp\/v2\/users\/2"}],"replies":[{"embeddable":true,"href":"https:\/\/tvc16.com\/portal\/wp-json\/wp\/v2\/comments?post=15317"}],"version-history":[{"count":1,"href":"https:\/\/tvc16.com\/portal\/wp-json\/wp\/v2\/posts\/15317\/revisions"}],"predecessor-version":[{"id":15319,"href":"https:\/\/tvc16.com\/portal\/wp-json\/wp\/v2\/posts\/15317\/revisions\/15319"}],"wp:featuredmedia":[{"embeddable":true,"href":"https:\/\/tvc16.com\/portal\/wp-json\/wp\/v2\/media\/15318"}],"wp:attachment":[{"href":"https:\/\/tvc16.com\/portal\/wp-json\/wp\/v2\/media?parent=15317"}],"wp:term":[{"taxonomy":"category","embeddable":true,"href":"https:\/\/tvc16.com\/portal\/wp-json\/wp\/v2\/categories?post=15317"},{"taxonomy":"post_tag","embeddable":true,"href":"https:\/\/tvc16.com\/portal\/wp-json\/wp\/v2\/tags?post=15317"}],"curies":[{"name":"wp","href":"https:\/\/api.w.org\/{rel}","templated":true}]}}