{"id":1532,"date":"2020-09-29T13:49:57","date_gmt":"2020-09-29T13:49:57","guid":{"rendered":"https:\/\/tvc16.com\/portal\/?p=1532"},"modified":"2020-09-29T13:49:57","modified_gmt":"2020-09-29T13:49:57","slug":"tribunal-supremo-e-covid-19-sao-temas-do-1o-debate-entre-biden-e-trump","status":"publish","type":"post","link":"https:\/\/tvc16.com\/portal\/2020\/09\/29\/tribunal-supremo-e-covid-19-sao-temas-do-1o-debate-entre-biden-e-trump\/","title":{"rendered":"Tribunal Supremo e covid-19 s\u00e3o temas do 1\u00ba debate entre Biden e Trump"},"content":{"rendered":"\n<p>Debate ser\u00e1 hoje \u00e0 noite em Cleveland, Ohio<\/p>\n\n\n\n<p>O presidente norte-americano, Donald Trump, e o candidato democrata, Joe Biden, v\u00e3o enfrentar-se hoje (29) em Cleveland, Ohio, no primeiro debate frente a frente dos candidatos \u00e0s&nbsp;elei\u00e7\u00f5es&nbsp;presidenciais de 3 de novembro.<img decoding=\"async\" src=\"https:\/\/agenciabrasil.ebc.com.br\/ebc.png?id=1389203&amp;o=node\"><img decoding=\"async\" src=\"https:\/\/agenciabrasil.ebc.com.br\/ebc.gif?id=1389203&amp;o=node\"><\/p>\n\n\n\n<p>De acordo com as indica\u00e7\u00f5es da Comiss\u00e3o de Debates Presidenciais, uma organiza\u00e7\u00e3o n\u00e3o partid\u00e1ria, os temas centrais ser\u00e3o o Tribunal Supremo, a covid-19, o estado da economia, as quest\u00f5es raciais e a viol\u00eancia nas cidades, a integridade do processo eleitoral e o hist\u00f3rico pol\u00edtico dos candidatos.&nbsp;<\/p>\n\n\n\n<p>Estes pontos foram escolhidos pelo representante&nbsp;da Fox News Chris Wallace, que vai moderar a discuss\u00e3o na Universidade Case Western Reserve, em Cleveland.<\/p>\n\n\n\n<p>S\u00e3o quest\u00f5es que est\u00e3o na ordem do dia e que os especialistas consideram que dever\u00e3o ser decisivas na elei\u00e7\u00e3o presidencial de novembro, especialmente entre os independentes e indecisos.<\/p>\n\n\n\n<p>No s\u00e1bado (26), o presidente Donald Trump nomeou a ju\u00edza conservadora Amy Coney Barrett para ocupar a vaga deixada pela morte da progressista Ruth Bader Ginsburg no Tribunal Supremo, uma nomea\u00e7\u00e3o que ter\u00e1 de ser confirmada pelo Senado, controlado pelos republicanos.<\/p>\n\n\n\n<p>A quest\u00e3o \u00e9 pol\u00eamica porque, em 2016, o mesmo Senado impediu o ent\u00e3o presidente Barack Obama de nomear Merrick Garland para o lugar de Antonin Scalia, no Tribunal Supremo, durante mais de nove meses.<\/p>\n\n\n\n<p>Sobre a&nbsp;pandemia de covid-19, os Estados Unidos continuam a ser o pa\u00eds mais afetado pela doen\u00e7a, totalizando 7,14 milh\u00f5es de infectados e 204 mil mortos, segundo as contas da Universidade de Medicina Johns Hopkins.<\/p>\n\n\n\n<p>A crise sanit\u00e1ria e as v\u00e1rias fases de confinamento tiveram efeitos profundos na economia, com o n\u00famero de desempregados se aproximando&nbsp;dos 30 milh\u00f5es no fim&nbsp;de agosto.<\/p>\n\n\n\n<p>Os protestos de rua por causa da morte de afro-americanos pela&nbsp;pol\u00edcia continuam em v\u00e1rias cidades, quatro meses depois da erup\u00e7\u00e3o de manifesta\u00e7\u00f5es, quando George Floyd foi asfixiado por Derek Chauvin.<\/p>\n\n\n\n<p>O primeiro debate ocorre na noite de hoje, quando milh\u00f5es de norte-americanos j\u00e1 receberam boletins de voto pelos correios e j\u00e1 tiveram a oportunidade de votar por correspond\u00eancia ou presencialmente, num movimento em massa de vota\u00e7\u00e3o antecipada.<\/p>\n\n\n\n<p>O voto postal, refor\u00e7ado neste ciclo eleitoral por causa da pandemia de covid-19, tem sido alvo de cr\u00edticas por parte do presidente Donald Trump e motivado embates legais entre democratas e republicanos, que querem restringir sua utiliza\u00e7\u00e3o em dezenas de estados.<\/p>\n\n\n\n<p>Com o presidente levantando&nbsp;suspeitas sobre potenciais fraudes no voto por correspond\u00eancia, a integridade do processo eleitoral dever\u00e1 ser&nbsp;um dos t\u00f3picos mais importantes do&nbsp;debate.<\/p>\n\n\n\n<p>De acordo com a m\u00e9dia das pesquisas&nbsp;nacionais, calculada pela plataforma FiveThirtyEight, Joe Biden (50,1% das inten\u00e7\u00f5es de voto) tem vantagem de sete pontos sobre Donald Trump (43,2%).<\/p>\n\n\n\n<p>O encontro entre os dois candidatos ser\u00e1 replicado em mais dois debates, um em&nbsp;15 de outubro em Miami, na Florida, e outro, o \u00faltimo, em&nbsp;22 de outubro, em Nashville, Tennessee.<\/p>\n\n\n\n<p>No dia 7 de outubro, os candidatos a vice-presidente &#8211; Mike Pence pelo lado republicano e Kamala Harris pelos democratas &#8211; v\u00e3o encontrar-se em Salt Lake City, Utah.<\/p>\n\n\n\n<p>Embora a pandemia de covid-19 tenha obrigado a mudan\u00e7as significativas nas campanhas, com foco nos eventos virtuais e no apelo ao voto por telefone, os debates previstos entre os candidatos v\u00e3o ocorrer\u00a0presencialmente ser\u00e3o transmitidos ao vivo.<\/p>\n\n\n\n<p>09:01 Por RTP &#8211; Washington<\/p>\n","protected":false},"excerpt":{"rendered":"<p>Debate ser\u00e1 hoje \u00e0 noite em Cleveland, Ohio O presidente norte-americano, Donald Trump, e o<\/p>\n","protected":false},"author":2,"featured_media":1533,"comment_status":"open","ping_status":"open","sticky":false,"template":"","format":"standard","meta":{"footnotes":""},"categories":[22],"tags":[],"class_list":["post-1532","post","type-post","status-publish","format-standard","has-post-thumbnail","hentry","category-internacional"],"_links":{"self":[{"href":"https:\/\/tvc16.com\/portal\/wp-json\/wp\/v2\/posts\/1532","targetHints":{"allow":["GET"]}}],"collection":[{"href":"https:\/\/tvc16.com\/portal\/wp-json\/wp\/v2\/posts"}],"about":[{"href":"https:\/\/tvc16.com\/portal\/wp-json\/wp\/v2\/types\/post"}],"author":[{"embeddable":true,"href":"https:\/\/tvc16.com\/portal\/wp-json\/wp\/v2\/users\/2"}],"replies":[{"embeddable":true,"href":"https:\/\/tvc16.com\/portal\/wp-json\/wp\/v2\/comments?post=1532"}],"version-history":[{"count":1,"href":"https:\/\/tvc16.com\/portal\/wp-json\/wp\/v2\/posts\/1532\/revisions"}],"predecessor-version":[{"id":1534,"href":"https:\/\/tvc16.com\/portal\/wp-json\/wp\/v2\/posts\/1532\/revisions\/1534"}],"wp:featuredmedia":[{"embeddable":true,"href":"https:\/\/tvc16.com\/portal\/wp-json\/wp\/v2\/media\/1533"}],"wp:attachment":[{"href":"https:\/\/tvc16.com\/portal\/wp-json\/wp\/v2\/media?parent=1532"}],"wp:term":[{"taxonomy":"category","embeddable":true,"href":"https:\/\/tvc16.com\/portal\/wp-json\/wp\/v2\/categories?post=1532"},{"taxonomy":"post_tag","embeddable":true,"href":"https:\/\/tvc16.com\/portal\/wp-json\/wp\/v2\/tags?post=1532"}],"curies":[{"name":"wp","href":"https:\/\/api.w.org\/{rel}","templated":true}]}}