{"id":15320,"date":"2021-06-01T18:00:56","date_gmt":"2021-06-01T21:00:56","guid":{"rendered":"https:\/\/tvc16.com\/portal\/?p=15320"},"modified":"2021-06-01T18:00:58","modified_gmt":"2021-06-01T21:00:58","slug":"natacao-bruno-fratus-e-ouro-em-etapa-do-circuito-mare-nostrum","status":"publish","type":"post","link":"https:\/\/tvc16.com\/portal\/2021\/06\/01\/natacao-bruno-fratus-e-ouro-em-etapa-do-circuito-mare-nostrum\/","title":{"rendered":"Nata\u00e7\u00e3o: Bruno Fratus \u00e9 ouro em etapa do Circuito Mare Nostrum"},"content":{"rendered":"\n<h3 class=\"wp-block-heading\">Depois da prata em M\u00f4naco, nadador foi ao topo do p\u00f3dio nesta ter\u00e7a<\/h3>\n\n\n\n<h4 class=\"wp-block-heading\"> Por Juliano Justo &#8211; Rep\u00f3rter da TV Brasil e da R\u00e1dio Nacional &#8211; S\u00e3o Paulo<\/h4>\n\n\n\n<p>Nesta\u00a0ter\u00e7a-feira (1\u00ba), o nadador brasileiro Bruno Fratus conquistou a medalha de ouro na prova dos 50 metros nado livre na etapa de Canet-em-Roussillon, na Fran\u00e7a, do Circuito Mare Nostrum, um dos mais importantes do mundo. Na final, Bruno empatou com o franc\u00eas campe\u00e3o ol\u00edmpico Florent Manaudou com o tempo de 22s12. Nesse caso, o regulamento da competi\u00e7\u00e3o prev\u00ea que os dois atletas fiquem com a medalha dourada. Nas eliminat\u00f3rias, o nadador\u00a0da sele\u00e7\u00e3o ol\u00edmpica nacional passou com o quarto melhor tempo, 22s50. Bjoern Seeliger, da Su\u00e9cia, completou o p\u00f3dio com 22s30.<img decoding=\"async\" src=\"https:\/\/agenciabrasil.ebc.com.br\/ebc.png?id=1411410&amp;o=node\"><img decoding=\"async\" src=\"https:\/\/agenciabrasil.ebc.com.br\/ebc.gif?id=1411410&amp;o=node\"><\/p>\n\n\n\n<p>No&nbsp;domingo&nbsp;(30), o brasileiro j\u00e1 havia faturado a prata na mesma prova na etapa de M\u00f4naco do Mare Nostrum. Na ocasi\u00e3o, ele completou os 50 metros em 22s04. No final de semana, o campe\u00e3o foi o holand\u00eas Thorm de Boer com o temo de 21s62.<\/p>\n\n\n\n<p>J\u00e1 classificado para os Jogos Ol\u00edmpicos de T\u00f3quio, Bruno est\u00e1 usando o torneio como reta final de prepara\u00e7\u00e3o para o evento. O Circuito Mare Nostrum continua&nbsp;&nbsp;nesta quarta-feira (2) em Canet e depois vai para Barcelona. L\u00e1, entre&nbsp;os dias 5 e&nbsp;6 de junho, ocorre a \u00faltima etapa dessa temporada.<\/p>\n\n\n\n<p>Edi\u00e7\u00e3o: Marcio Parente<\/p>\n","protected":false},"excerpt":{"rendered":"<p>Depois da prata em M\u00f4naco, nadador foi ao topo do p\u00f3dio nesta ter\u00e7a Por Juliano<\/p>\n","protected":false},"author":2,"featured_media":15321,"comment_status":"open","ping_status":"open","sticky":false,"template":"","format":"standard","meta":{"footnotes":""},"categories":[17],"tags":[],"class_list":["post-15320","post","type-post","status-publish","format-standard","has-post-thumbnail","hentry","category-outras-noticias"],"_links":{"self":[{"href":"https:\/\/tvc16.com\/portal\/wp-json\/wp\/v2\/posts\/15320","targetHints":{"allow":["GET"]}}],"collection":[{"href":"https:\/\/tvc16.com\/portal\/wp-json\/wp\/v2\/posts"}],"about":[{"href":"https:\/\/tvc16.com\/portal\/wp-json\/wp\/v2\/types\/post"}],"author":[{"embeddable":true,"href":"https:\/\/tvc16.com\/portal\/wp-json\/wp\/v2\/users\/2"}],"replies":[{"embeddable":true,"href":"https:\/\/tvc16.com\/portal\/wp-json\/wp\/v2\/comments?post=15320"}],"version-history":[{"count":1,"href":"https:\/\/tvc16.com\/portal\/wp-json\/wp\/v2\/posts\/15320\/revisions"}],"predecessor-version":[{"id":15322,"href":"https:\/\/tvc16.com\/portal\/wp-json\/wp\/v2\/posts\/15320\/revisions\/15322"}],"wp:featuredmedia":[{"embeddable":true,"href":"https:\/\/tvc16.com\/portal\/wp-json\/wp\/v2\/media\/15321"}],"wp:attachment":[{"href":"https:\/\/tvc16.com\/portal\/wp-json\/wp\/v2\/media?parent=15320"}],"wp:term":[{"taxonomy":"category","embeddable":true,"href":"https:\/\/tvc16.com\/portal\/wp-json\/wp\/v2\/categories?post=15320"},{"taxonomy":"post_tag","embeddable":true,"href":"https:\/\/tvc16.com\/portal\/wp-json\/wp\/v2\/tags?post=15320"}],"curies":[{"name":"wp","href":"https:\/\/api.w.org\/{rel}","templated":true}]}}