{"id":15329,"date":"2021-06-01T18:03:17","date_gmt":"2021-06-01T21:03:17","guid":{"rendered":"https:\/\/tvc16.com\/portal\/?p=15329"},"modified":"2021-06-01T18:03:19","modified_gmt":"2021-06-01T21:03:19","slug":"guedes-diz-que-governo-vai-liberar-r-1-bi-para-educacao","status":"publish","type":"post","link":"https:\/\/tvc16.com\/portal\/2021\/06\/01\/guedes-diz-que-governo-vai-liberar-r-1-bi-para-educacao\/","title":{"rendered":"Guedes diz que governo vai liberar R$ 1 bi para educa\u00e7\u00e3o"},"content":{"rendered":"\n<h3 class=\"wp-block-heading\">Corte total no or\u00e7amento do MEC chegou a R$ 4,5 bilh\u00f5es<\/h3>\n\n\n\n<h4 class=\"wp-block-heading\">Por Luciano Nascimento \u2013 Rep\u00f3rter da Ag\u00eancia Brasil &#8211; Bras\u00edlia<\/h4>\n\n\n\n<p>O ministro da Economia, Paulo Guedes, disse hoje (1\u00b0) que o or\u00e7amento do Minist\u00e9rio da Educa\u00e7\u00e3o (MEC) ser\u00e1 desbloqueado, nos pr\u00f3ximos dias, em cerca de R$ 1 bilh\u00e3o. O corte total no or\u00e7amento do MEC foi de R$ 4,5 bilh\u00f5es este ano. O ministro, entretanto, n\u00e3o detalhou quando ser\u00e1 efetuada a libera\u00e7\u00e3o.<img decoding=\"async\" src=\"https:\/\/agenciabrasil.ebc.com.br\/ebc.png?id=1411415&amp;o=node\"><img decoding=\"async\" src=\"https:\/\/agenciabrasil.ebc.com.br\/ebc.gif?id=1411415&amp;o=node\"><\/p>\n\n\n\n<p>De acordo com Guedes, que participou de audi\u00eancia na Comiss\u00e3o de Educa\u00e7\u00e3o da C\u00e2mara dos Deputados para tratar do bloqueio de recursos, o desbloqueio ser\u00e1 poss\u00edvel em raz\u00e3o do aumento na arrecada\u00e7\u00e3o.<\/p>\n\n\n\n<p>No dia 14 de maio, o governo disse que estudava a libera\u00e7\u00e3o de R$ 2,5 bilh\u00f5es para as universidades federais, que passam por contingenciamento de recursos. Os valores ajudar\u00e3o a recompor o or\u00e7amento de gastos discricion\u00e1rios (n\u00e3o obrigat\u00f3rios).<\/p>\n\n\n\n<p>\u201cVamos agora desbloquear R$ 4,5 bilh\u00f5es [para todo o governo]. O pr\u00f3prio MEC que teve, atualmente, R$ 2,5 bilh\u00f5es bloqueados, a perspectiva \u00e9 de atendimento das demandas de educa\u00e7\u00e3o\u201d, informou o ministro, dizendo que parte dos recursos ser\u00e1 destinada para a cria\u00e7\u00e3o de vagas em seis novas universidades. \u201cO segundo grande pleito que tinha \u00e9 pelo menos esse desbloqueio de at\u00e9 R$ 1 bilh\u00e3o para o MEC\u201d, acrescentou.<\/p>\n\n\n\n<p>Durante a audi\u00eancia, Guedes foi cobrado a respeito de cortes na pasta que estariam inviabilizando a execu\u00e7\u00e3o das atividades. De acordo com a deputada S\u00e2mia Bomfim (Psol-SP), que elaborou o requerimento para a presen\u00e7a do ministro na comiss\u00e3o, assinado conjuntamente pelos deputados Ivan Valente (Psol-SP) e Glauber Braga (Psol-RJ), os percentuais do Or\u00e7amento aplicados na educa\u00e7\u00e3o est\u00e3o em menor patamar do que em anos anteriores.<\/p>\n\n\n\n<h2 class=\"wp-block-heading\">Redu\u00e7\u00e3o de repasses<\/h2>\n\n\n\n<p>A deputada professora Dorinha (DEM-TO), que preside a comiss\u00e3o, criticou a redu\u00e7\u00e3o de repasses para a educa\u00e7\u00e3o, enquanto outras \u00e1reas, como a defesa, tiveram um incremento or\u00e7ament\u00e1rio.<\/p>\n\n\n\n<p>\u201cEnquanto [o Or\u00e7amento da] sa\u00fade e educa\u00e7\u00e3o caem, e a educa\u00e7\u00e3o muito mais que a sa\u00fade, a defesa cresce. N\u00e3o tenho nada contra a defesa, s\u00f3 coloco que a pol\u00edtica est\u00e1 levando dinheiro para a defesa e tirando da educa\u00e7\u00e3o\u201d, alertou a deputada que disse ainda completando que, se a situa\u00e7\u00e3o persistir, n\u00e3o ser\u00e1 poss\u00edvel cumprir as metas do Plano Nacional de Educa\u00e7\u00e3o.<\/p>\n\n\n\n<p>Segundo a deputada, o ministro da Educa\u00e7\u00e3o, Milton Ribeiro, chegou a sinalizar para a comiss\u00e3o que a escassez de recursos pode afetar a realiza\u00e7\u00e3o de exames, como o Exame Nacional do Ensino M\u00e9dio (Enem), e o funcionamento das universidades. A deputada apontou ainda que o congelamento das verbas discricion\u00e1rias da pasta prejudica diretamente o funcionamento das 69 institui\u00e7\u00f5es de ensino no pr\u00f3ximo semestre.<\/p>\n\n\n\n<p>\u201cO ministro da Educa\u00e7\u00e3o fez um apelo sobre a falta de recursos para a realiza\u00e7\u00e3o do Enem, que n\u00e3o tem recursos para realizar os exames da Educa\u00e7\u00e3o B\u00e1sica, os cortes de bolsas de pesquisa. Da mesma forma, o apelo dos reitores de que v\u00e3o fechar as portas, que n\u00e3o t\u00eam como manter as universidades e institutos federais funcionando\u201d, cobrou a deputada.<\/p>\n\n\n\n<p>Guedes disse que o Minist\u00e9rio da Economia n\u00e3o era o respons\u00e1vel por definir onde os cortes eram executados e que a decis\u00e3o sobre os bloqueios \u00e9 da &#8220;pol\u00edtica\u201d.<\/p>\n\n\n\n<p>\u201cOs [or\u00e7amentos dos] minist\u00e9rios est\u00e3o descendo, n\u00e3o foi s\u00f3 o de educa\u00e7\u00e3o, percentualmente&#8230; E, sim, alguns minist\u00e9rios subiram e isso s\u00e3o decis\u00f5es pol\u00edticas. O Brasil \u00e9 uma pot\u00eancia emergente e precisa tamb\u00e9m de recursos para a defesa. Eu represento um governo que tem l\u00e1 as suas prioridades\u201d, respondeu.<\/p>\n\n\n\n<h2 class=\"wp-block-heading\">Fies<\/h2>\n\n\n\n<p>O ministro tamb\u00e9m voltou a criticar o Fundo de Financiamento ao Estudante do Ensino Superior (Fies) como pol\u00edtica de acesso ao ensino superior e defendeu a entrega de \u201cvouchers\u201d, para os estudantes mais pobres.<\/p>\n\n\n\n<p>\u201cO jovem que est\u00e1 come\u00e7ando a sua vida, consegue pegar um empr\u00e9stimo no Fies. A\u00ed quando ele vai entrar no mercado de trabalho tem uma pandemia dessa, derruba emprego, derruba o PIB, n\u00e3o tem cria\u00e7\u00e3o de empregos\u201d, disse. &#8220;Defendo o voucher para esses estudantes da periferia, o Fies funciona melhor para uma fam\u00edlia de classe m\u00e9dia, estabelecida, que tem condi\u00e7\u00f5es de pagar essa d\u00edvida depois&#8221;, acrescentou.<\/p>\n\n\n\n<p>Mais cedo, o ministro avaliou que o resultado do Produto Interno Bruto (PIB) no primeiro trimestre de 2021&nbsp;<a href=\"https:\/\/agenciabrasil.ebc.com.br\/economia\/noticia\/2021-06\/ministro-diz-que-numeros-do-pib-apontam-para-crescimento-forte\" target=\"_blank\" rel=\"noreferrer noopener\">aponta para um crescimento forte da economia este ano<\/a>.&nbsp;&nbsp; Segundo o Instituto Brasileiro de Geografia e Estat\u00edstica (IBGE),&nbsp;<a href=\"http:\/\/agenciabrasil.ebc.com.br\/economia\/noticia\/2021-06\/pib-tem-alta-de-12-no-primeiro-trimestre-de-2021-0\" target=\"_blank\" rel=\"noreferrer noopener\">houve crescimento de 1,2%<\/a>, na compara\u00e7\u00e3o com os \u00faltimos tr\u00eas meses do ano passado.&nbsp; Em valores correntes, o PIB chegou a R$ 2,048 trilh\u00f5es.<\/p>\n\n\n\n<p>Edi\u00e7\u00e3o: L\u00edlian Beraldo<\/p>\n","protected":false},"excerpt":{"rendered":"<p>Corte total no or\u00e7amento do MEC chegou a R$ 4,5 bilh\u00f5es Por Luciano Nascimento \u2013<\/p>\n","protected":false},"author":2,"featured_media":15330,"comment_status":"open","ping_status":"open","sticky":false,"template":"","format":"standard","meta":{"footnotes":""},"categories":[17],"tags":[],"class_list":["post-15329","post","type-post","status-publish","format-standard","has-post-thumbnail","hentry","category-outras-noticias"],"_links":{"self":[{"href":"https:\/\/tvc16.com\/portal\/wp-json\/wp\/v2\/posts\/15329","targetHints":{"allow":["GET"]}}],"collection":[{"href":"https:\/\/tvc16.com\/portal\/wp-json\/wp\/v2\/posts"}],"about":[{"href":"https:\/\/tvc16.com\/portal\/wp-json\/wp\/v2\/types\/post"}],"author":[{"embeddable":true,"href":"https:\/\/tvc16.com\/portal\/wp-json\/wp\/v2\/users\/2"}],"replies":[{"embeddable":true,"href":"https:\/\/tvc16.com\/portal\/wp-json\/wp\/v2\/comments?post=15329"}],"version-history":[{"count":1,"href":"https:\/\/tvc16.com\/portal\/wp-json\/wp\/v2\/posts\/15329\/revisions"}],"predecessor-version":[{"id":15331,"href":"https:\/\/tvc16.com\/portal\/wp-json\/wp\/v2\/posts\/15329\/revisions\/15331"}],"wp:featuredmedia":[{"embeddable":true,"href":"https:\/\/tvc16.com\/portal\/wp-json\/wp\/v2\/media\/15330"}],"wp:attachment":[{"href":"https:\/\/tvc16.com\/portal\/wp-json\/wp\/v2\/media?parent=15329"}],"wp:term":[{"taxonomy":"category","embeddable":true,"href":"https:\/\/tvc16.com\/portal\/wp-json\/wp\/v2\/categories?post=15329"},{"taxonomy":"post_tag","embeddable":true,"href":"https:\/\/tvc16.com\/portal\/wp-json\/wp\/v2\/tags?post=15329"}],"curies":[{"name":"wp","href":"https:\/\/api.w.org\/{rel}","templated":true}]}}