{"id":15332,"date":"2021-06-01T18:03:54","date_gmt":"2021-06-01T21:03:54","guid":{"rendered":"https:\/\/tvc16.com\/portal\/?p=15332"},"modified":"2021-06-01T18:03:57","modified_gmt":"2021-06-01T21:03:57","slug":"fabio-faria-diz-que-leilao-do-5g-sera-realizado-no-segundo-semestre","status":"publish","type":"post","link":"https:\/\/tvc16.com\/portal\/2021\/06\/01\/fabio-faria-diz-que-leilao-do-5g-sera-realizado-no-segundo-semestre\/","title":{"rendered":"F\u00e1bio Faria diz que leil\u00e3o do 5G ser\u00e1 realizado no segundo semestre"},"content":{"rendered":"\n<h3 class=\"wp-block-heading\">Maiores beneficiados ser\u00e3o o agroneg\u00f3cio, a sa\u00fade e a seguran\u00e7a<\/h3>\n\n\n\n<h4 class=\"wp-block-heading\">Por Daniel Mello &#8211; Rep\u00f3rter da Ag\u00eancia Brasil &#8211; S\u00e3o Paulo<\/h4>\n\n\n\n<p>O ministro das Comunica\u00e7\u00f5es, F\u00e1bio Faria, disse hoje (1\u00ba) que o leil\u00e3o das frequ\u00eancias 5G deve acontecer no segundo semestre deste ano. Segundo o ministro, o governo tem se esfor\u00e7ado para manter a agenda de concess\u00f5es.&nbsp;<img decoding=\"async\" src=\"https:\/\/agenciabrasil.ebc.com.br\/ebc.png?id=1411418&amp;o=node\"><img decoding=\"async\" src=\"https:\/\/agenciabrasil.ebc.com.br\/ebc.gif?id=1411418&amp;o=node\"><\/p>\n\n\n\n<p>\u201cDesde o in\u00edcio da pandemia n\u00f3s nunca deixamos de trabalhar duro para entregar as privatiza\u00e7\u00f5es e concess\u00f5es p\u00fablicas com sustentabilidade econ\u00f4mica e atrativas para o setor privado\u201d, ressaltou ao participar do F\u00f3rum de Investimentos Brasil 2021.<\/p>\n\n\n\n<p>Faria destacou, citando dados da Organiza\u00e7\u00e3o para a Coopera\u00e7\u00e3o e Desenvolvimento Econ\u00f4mico (OCDE), que a demanda por internet cresceu 40% no Brasil ao longo de 2020. \u201cNo Brasil, 18% da popula\u00e7\u00e3o ainda n\u00e3o t\u00eam acesso \u00e0 internet. \u00c9 um grande desafio preencher essa lacuna\u201d, disse para ressaltar a import\u00e2ncia do leil\u00e3o das novas frequ\u00eancias de internet.<\/p>\n\n\n\n<p>Al\u00e9m de colocar o pa\u00eds no caminho da universaliza\u00e7\u00e3o do acesso, o ministro disse que o 5G vai possibilitar avan\u00e7os semelhantes aos proporcionados pelas frequ\u00eancias 4G, usadas atualmente. \u201cO 5G vai ser uma revolu\u00e7\u00e3o tecnol\u00f3gica. O 4G foi crucial para conectar as pessoas por voz e dados. Uber,&nbsp;<em>internet banking<\/em>&nbsp;e WhatsApp teriam sido imposs\u00edveis sem o 4G\u201d, comparou.<\/p>\n\n\n\n<p>Devem ser beneficiados, segundo Faria, principalmente os&nbsp;<a href=\"https:\/\/agenciabrasil.ebc.com.br\/geral\/noticia\/2021-05\/internet-no-campo-pode-elevar-producao-agropecuaria-em-ate-r-100-bi\" target=\"_blank\" rel=\"noreferrer noopener\">setores da ind\u00fastria do agroneg\u00f3cio<\/a>, sa\u00fade e seguran\u00e7a p\u00fablica.<\/p>\n\n\n\n<p>Edi\u00e7\u00e3o: Fernando Fraga<\/p>\n","protected":false},"excerpt":{"rendered":"<p>Maiores beneficiados ser\u00e3o o agroneg\u00f3cio, a sa\u00fade e a seguran\u00e7a Por Daniel Mello &#8211; Rep\u00f3rter<\/p>\n","protected":false},"author":2,"featured_media":15333,"comment_status":"open","ping_status":"open","sticky":false,"template":"","format":"standard","meta":{"footnotes":""},"categories":[17],"tags":[],"class_list":["post-15332","post","type-post","status-publish","format-standard","has-post-thumbnail","hentry","category-outras-noticias"],"_links":{"self":[{"href":"https:\/\/tvc16.com\/portal\/wp-json\/wp\/v2\/posts\/15332","targetHints":{"allow":["GET"]}}],"collection":[{"href":"https:\/\/tvc16.com\/portal\/wp-json\/wp\/v2\/posts"}],"about":[{"href":"https:\/\/tvc16.com\/portal\/wp-json\/wp\/v2\/types\/post"}],"author":[{"embeddable":true,"href":"https:\/\/tvc16.com\/portal\/wp-json\/wp\/v2\/users\/2"}],"replies":[{"embeddable":true,"href":"https:\/\/tvc16.com\/portal\/wp-json\/wp\/v2\/comments?post=15332"}],"version-history":[{"count":1,"href":"https:\/\/tvc16.com\/portal\/wp-json\/wp\/v2\/posts\/15332\/revisions"}],"predecessor-version":[{"id":15334,"href":"https:\/\/tvc16.com\/portal\/wp-json\/wp\/v2\/posts\/15332\/revisions\/15334"}],"wp:featuredmedia":[{"embeddable":true,"href":"https:\/\/tvc16.com\/portal\/wp-json\/wp\/v2\/media\/15333"}],"wp:attachment":[{"href":"https:\/\/tvc16.com\/portal\/wp-json\/wp\/v2\/media?parent=15332"}],"wp:term":[{"taxonomy":"category","embeddable":true,"href":"https:\/\/tvc16.com\/portal\/wp-json\/wp\/v2\/categories?post=15332"},{"taxonomy":"post_tag","embeddable":true,"href":"https:\/\/tvc16.com\/portal\/wp-json\/wp\/v2\/tags?post=15332"}],"curies":[{"name":"wp","href":"https:\/\/api.w.org\/{rel}","templated":true}]}}