{"id":15335,"date":"2021-06-01T18:04:41","date_gmt":"2021-06-01T21:04:41","guid":{"rendered":"https:\/\/tvc16.com\/portal\/?p=15335"},"modified":"2021-06-01T18:04:44","modified_gmt":"2021-06-01T21:04:44","slug":"investimentos-tem-queda-de-47-em-marco-diz-ipea","status":"publish","type":"post","link":"https:\/\/tvc16.com\/portal\/2021\/06\/01\/investimentos-tem-queda-de-47-em-marco-diz-ipea\/","title":{"rendered":"Investimentos t\u00eam queda de 4,7% em mar\u00e7o, diz Ipea"},"content":{"rendered":"\n<h3 class=\"wp-block-heading\">Produ\u00e7\u00e3o de m\u00e1quinas e equipamentos caiu 11%<\/h3>\n\n\n\n<h4 class=\"wp-block-heading\">Por Vin\u00edcius Lisboa &#8211; Rep\u00f3rter da Ag\u00eancia Brasil &#8211; Rio de Janeiro<\/h4>\n\n\n\n<p>O volume de investimentos da economia brasileira teve queda de 4,7% em mar\u00e7o, na compara\u00e7\u00e3o com fevereiro. O dado foi divulgado&nbsp;hoje&nbsp;(1) e faz parte do indicador do Instituto de Pesquisa Econ\u00f4mica Aplicada (Ipea) que mede a forma\u00e7\u00e3o bruta de capital fixo (FBCF).<img decoding=\"async\" src=\"https:\/\/agenciabrasil.ebc.com.br\/ebc.png?id=1411419&amp;o=node\"><img decoding=\"async\" src=\"https:\/\/agenciabrasil.ebc.com.br\/ebc.gif?id=1411419&amp;o=node\"><\/p>\n\n\n\n<p>A pesquisa&nbsp;avalia os investimentos para&nbsp;aumento da capacidade produtiva da economia e para&nbsp;reposi\u00e7\u00e3o da deprecia\u00e7\u00e3o do estoque de capital fixo em setores como m\u00e1quinas e equipamentos, constru\u00e7\u00e3o civil e outros.<\/p>\n\n\n\n<p>Segundo o Ipea, apesar da queda frente ao m\u00eas anterior, os investimentos cresceram 27% em rela\u00e7\u00e3o a mar\u00e7o do ano passado, primeiro m\u00eas das medidas restritivas adotadas no Brasil para conter a circula\u00e7\u00e3o do novo coronav\u00edrus.<\/p>\n\n\n\n<p>Com o resultado&nbsp;de mar\u00e7o deste ano, o primeiro trimestre de 2021 teve alta de 4,6% na FBCF, em rela\u00e7\u00e3o ao \u00faltimo trimestre de 2020. Na compara\u00e7\u00e3o com primeiro trimestre do ano passado, o in\u00edcio deste ano teve alta de 17%. Em doze meses, a expans\u00e3o acumulada dos investimentos \u00e9 de 2%.&nbsp;<\/p>\n\n\n\n<p>A pesquisa do Ipea mostra que o m\u00eas&nbsp;de mar\u00e7o teve queda de 11% nos investimentos em m\u00e1quinas e equipamentos. O recuo foi mais forte na importa\u00e7\u00e3o desses itens (-12,8%), enquanto a produ\u00e7\u00e3o nacional de m\u00e1quinas e equipamentos destinada ao mercado interno teve retra\u00e7\u00e3o de 5,8%.&nbsp;<\/p>\n\n\n\n<p>Apesar do resultado negativo em mar\u00e7o, o primeiro trimestre do ano foi encerrado com alta de 25,6% no investimento em m\u00e1quinas e equipamentos. O resultado do per\u00edodo foi impactado pela importa\u00e7\u00e3o de plataformas de petr\u00f3leo, que provocou uma alta trimestral de 82,7% no consumo aparente dos&nbsp;itens.&nbsp;<\/p>\n\n\n\n<p>Ainda segundo o Ipea, a forma\u00e7\u00e3o bruta de capital fixo na constru\u00e7\u00e3o civil teve avan\u00e7o de 0,1% em mar\u00e7o, ap\u00f3s duas quedas seguidas em janeiro e fevereiro. Com o resultado, o trimestre teve um recuo de 3,1% frente ao fim de 2020.<\/p>\n\n\n\n<p>J\u00e1 em rela\u00e7\u00e3o ao mesmo m\u00eas do ano anterior, houve alta de 6,8% para a constru\u00e7\u00e3o civil no m\u00eas&nbsp;de mar\u00e7o. Os investimentos no setor no primeiro trimestre de 2021 ficaram 1,4% acima dos tr\u00eas primeiros meses de 2020.&nbsp;<\/p>\n\n\n\n<p>Edi\u00e7\u00e3o: Maria Claudia<\/p>\n","protected":false},"excerpt":{"rendered":"<p>Produ\u00e7\u00e3o de m\u00e1quinas e equipamentos caiu 11% Por Vin\u00edcius Lisboa &#8211; Rep\u00f3rter da Ag\u00eancia Brasil<\/p>\n","protected":false},"author":2,"featured_media":15336,"comment_status":"open","ping_status":"open","sticky":false,"template":"","format":"standard","meta":{"footnotes":""},"categories":[17],"tags":[],"class_list":["post-15335","post","type-post","status-publish","format-standard","has-post-thumbnail","hentry","category-outras-noticias"],"_links":{"self":[{"href":"https:\/\/tvc16.com\/portal\/wp-json\/wp\/v2\/posts\/15335","targetHints":{"allow":["GET"]}}],"collection":[{"href":"https:\/\/tvc16.com\/portal\/wp-json\/wp\/v2\/posts"}],"about":[{"href":"https:\/\/tvc16.com\/portal\/wp-json\/wp\/v2\/types\/post"}],"author":[{"embeddable":true,"href":"https:\/\/tvc16.com\/portal\/wp-json\/wp\/v2\/users\/2"}],"replies":[{"embeddable":true,"href":"https:\/\/tvc16.com\/portal\/wp-json\/wp\/v2\/comments?post=15335"}],"version-history":[{"count":1,"href":"https:\/\/tvc16.com\/portal\/wp-json\/wp\/v2\/posts\/15335\/revisions"}],"predecessor-version":[{"id":15337,"href":"https:\/\/tvc16.com\/portal\/wp-json\/wp\/v2\/posts\/15335\/revisions\/15337"}],"wp:featuredmedia":[{"embeddable":true,"href":"https:\/\/tvc16.com\/portal\/wp-json\/wp\/v2\/media\/15336"}],"wp:attachment":[{"href":"https:\/\/tvc16.com\/portal\/wp-json\/wp\/v2\/media?parent=15335"}],"wp:term":[{"taxonomy":"category","embeddable":true,"href":"https:\/\/tvc16.com\/portal\/wp-json\/wp\/v2\/categories?post=15335"},{"taxonomy":"post_tag","embeddable":true,"href":"https:\/\/tvc16.com\/portal\/wp-json\/wp\/v2\/tags?post=15335"}],"curies":[{"name":"wp","href":"https:\/\/api.w.org\/{rel}","templated":true}]}}