{"id":15341,"date":"2021-06-01T18:06:40","date_gmt":"2021-06-01T21:06:40","guid":{"rendered":"https:\/\/tvc16.com\/portal\/?p=15341"},"modified":"2021-06-01T18:06:42","modified_gmt":"2021-06-01T21:06:42","slug":"volkswagen-suspende-producao-em-taubate-e-sao-jose-dos-pinhais","status":"publish","type":"post","link":"https:\/\/tvc16.com\/portal\/2021\/06\/01\/volkswagen-suspende-producao-em-taubate-e-sao-jose-dos-pinhais\/","title":{"rendered":"Volkswagen suspende produ\u00e7\u00e3o em Taubat\u00e9 e S\u00e3o Jos\u00e9 dos Pinhais"},"content":{"rendered":"\n<h3 class=\"wp-block-heading\">A paralisa\u00e7\u00e3o foi provocada pela falta de semicondutores<\/h3>\n\n\n\n<h4 class=\"wp-block-heading\">Por Elaine Patricia Cruz \u2013 Rep\u00f3rter da Ag\u00eancia Brasil &#8211; S\u00e3o Paulo<\/h4>\n\n\n\n<p>Por falta de insumos, a Volkswagen suspendeu a produ\u00e7\u00e3o nas f\u00e1bricas de Taubat\u00e9 (SP) e de S\u00e3o Jos\u00e9 dos Pinhais (PR). A paralisa\u00e7\u00e3o, de acordo com a empresa, vai durar 10 dias, e come\u00e7a a partir de segunda-feira (7).<img decoding=\"async\" src=\"https:\/\/agenciabrasil.ebc.com.br\/ebc.png?id=1411423&amp;o=node\"><img decoding=\"async\" src=\"https:\/\/agenciabrasil.ebc.com.br\/ebc.gif?id=1411423&amp;o=node\"><\/p>\n\n\n\n<p>A paralisa\u00e7\u00e3o, informou a Volkswagen, foi provocada pela falta de semicondutores, componentes respons\u00e1veis pela comunica\u00e7\u00e3o interna dos equipamentos eletr\u00f4nicos nos ve\u00edculos. A escassez \u00e9 um problema mundial e ocorre desde o final do ano passado.&nbsp;<\/p>\n\n\n\n<p>\u201cNos \u00faltimos meses, o time da Volkswagen do Brasil tem trabalhado intensamente e com sucesso, internamente e em parceria com a nossa matriz, para minimizar os efeitos da escassez de semicondutores para a produ\u00e7\u00e3o em suas f\u00e1bricas no Brasil. At\u00e9 hoje, as nossas unidades no pa\u00eds n\u00e3o foram afetadas em maior escala. Entretanto, com o agravamento do cen\u00e1rio e com base na situa\u00e7\u00e3o atual, presumimos que o fornecimento de semicondutores continuar\u00e1 a ser limitado ao longo das pr\u00f3ximas semanas\u201d, disse a empresa, em nota.<\/p>\n\n\n\n<p>Segundo o Sindicato dos Metal\u00fargicos de Taubat\u00e9 e Regi\u00e3o (Sindmetau), cerca de dois mil trabalhadores da f\u00e1brica ser\u00e3o colocados em f\u00e9rias coletivas na planta de Taubat\u00e9, que produz os ve\u00edculos Gol e Voyage.&nbsp;<\/p>\n\n\n\n<p>A empresa n\u00e3o informou quantas pessoas trabalham na f\u00e1brica de S\u00e3o Jos\u00e9 dos Pinhais, que produz os ve\u00edculos Fox e T-Cross.<\/p>\n\n\n\n<p>Edi\u00e7\u00e3o: Fernando Fraga<\/p>\n","protected":false},"excerpt":{"rendered":"<p>A paralisa\u00e7\u00e3o foi provocada pela falta de semicondutores Por Elaine Patricia Cruz \u2013 Rep\u00f3rter da<\/p>\n","protected":false},"author":2,"featured_media":15342,"comment_status":"open","ping_status":"open","sticky":false,"template":"","format":"standard","meta":{"footnotes":""},"categories":[17],"tags":[],"class_list":["post-15341","post","type-post","status-publish","format-standard","has-post-thumbnail","hentry","category-outras-noticias"],"_links":{"self":[{"href":"https:\/\/tvc16.com\/portal\/wp-json\/wp\/v2\/posts\/15341","targetHints":{"allow":["GET"]}}],"collection":[{"href":"https:\/\/tvc16.com\/portal\/wp-json\/wp\/v2\/posts"}],"about":[{"href":"https:\/\/tvc16.com\/portal\/wp-json\/wp\/v2\/types\/post"}],"author":[{"embeddable":true,"href":"https:\/\/tvc16.com\/portal\/wp-json\/wp\/v2\/users\/2"}],"replies":[{"embeddable":true,"href":"https:\/\/tvc16.com\/portal\/wp-json\/wp\/v2\/comments?post=15341"}],"version-history":[{"count":1,"href":"https:\/\/tvc16.com\/portal\/wp-json\/wp\/v2\/posts\/15341\/revisions"}],"predecessor-version":[{"id":15343,"href":"https:\/\/tvc16.com\/portal\/wp-json\/wp\/v2\/posts\/15341\/revisions\/15343"}],"wp:featuredmedia":[{"embeddable":true,"href":"https:\/\/tvc16.com\/portal\/wp-json\/wp\/v2\/media\/15342"}],"wp:attachment":[{"href":"https:\/\/tvc16.com\/portal\/wp-json\/wp\/v2\/media?parent=15341"}],"wp:term":[{"taxonomy":"category","embeddable":true,"href":"https:\/\/tvc16.com\/portal\/wp-json\/wp\/v2\/categories?post=15341"},{"taxonomy":"post_tag","embeddable":true,"href":"https:\/\/tvc16.com\/portal\/wp-json\/wp\/v2\/tags?post=15341"}],"curies":[{"name":"wp","href":"https:\/\/api.w.org\/{rel}","templated":true}]}}