{"id":15345,"date":"2021-06-01T18:08:11","date_gmt":"2021-06-01T21:08:11","guid":{"rendered":"https:\/\/tvc16.com\/portal\/?p=15345"},"modified":"2021-06-01T18:08:13","modified_gmt":"2021-06-01T21:08:13","slug":"franca-e-ribeirao-preto-estendem-medidas-restritivas-contra-covid-19","status":"publish","type":"post","link":"https:\/\/tvc16.com\/portal\/2021\/06\/01\/franca-e-ribeirao-preto-estendem-medidas-restritivas-contra-covid-19\/","title":{"rendered":"Franca e Ribeir\u00e3o Preto estendem medidas restritivas contra covid-19"},"content":{"rendered":"\n<h3 class=\"wp-block-heading\">Cidades paulistas temem aumento da dissemina\u00e7\u00e3o do novo coronav\u00edrus<\/h3>\n\n\n\n<h4 class=\"wp-block-heading\">Por Bruno Bocchini &#8211; Rep\u00f3rter da Ag\u00eancia Brasil &#8211; S\u00e3o Paulo<\/h4>\n\n\n\n<p>As prefeituras de Franca e Ribeir\u00e3o Preto, no interior do estado de S\u00e3o Paulo, decidiram estender os per\u00edodos de aplica\u00e7\u00e3o de medidas de restri\u00e7\u00e3o contra o aumento da dissemina\u00e7\u00e3o de covid-19 em suas regi\u00f5es.<img decoding=\"async\" src=\"https:\/\/agenciabrasil.ebc.com.br\/ebc.png?id=1411428&amp;o=node\"><img decoding=\"async\" src=\"https:\/\/agenciabrasil.ebc.com.br\/ebc.gif?id=1411428&amp;o=node\"><\/p>\n\n\n\n<p>Franca, que j\u00e1 estava desde o \u00faltimo dia 20 aplicando medidas mais restritivas que as impostas pelo Plano S\u00e3o Paulo, decidiu estender o per\u00edodo de confinamento at\u00e9 a pr\u00f3ximo dia 10. Permanecem em vigor o toque de recolher, das 20h \u00e0s 5h; a suspens\u00e3o dos servi\u00e7os de transporte coletivo p\u00fablico; a proibi\u00e7\u00e3o do encontro de pessoas, em qualquer hor\u00e1rio, nas vias, pra\u00e7as, parques e logradouros p\u00fablicos, inclusive para a pr\u00e1tica de atividades esportivas.<\/p>\n\n\n\n<p>Segundo decreto da prefeitura, a extens\u00e3o \u00e9 necess\u00e1ria em raz\u00e3o do aumento \u201cexponencial de \u00f3bitos em decorr\u00eancia da doen\u00e7a, o aumento das interna\u00e7\u00f5es em leitos de UTI [unidades de terapia intensiva] e enfermaria com picos de lota\u00e7\u00e3o tanto em leitos SUS [Sistema \u00danico de Sa\u00fade] quanto em leitos de hospitais particulares na regi\u00e3o\u201d.<\/p>\n\n\n\n<p>At\u00e9 o pr\u00f3ximo dia 10, somente poder\u00e3o funcionar na cidade, com as portas fechadas e em regime de entrega em domic\u00edlio, supermercados, mercados, mercearias, padarias, a\u00e7ougues, restaurantes, lanchonetes, petshops, farm\u00e1cias e drogarias. O atendimento m\u00e9dico, odontol\u00f3gico e veterin\u00e1rio somente est\u00e1 autorizado em casos de urg\u00eancia e emerg\u00eancia. Postos de combust\u00edveis poder\u00e3o funcionar unicamente para abastecimento.<\/p>\n\n\n\n<h2 class=\"wp-block-heading\">Ribeir\u00e3o Preto<\/h2>\n\n\n\n<figure class=\"wp-block-image\"><img decoding=\"async\" src=\"https:\/\/imagens.ebc.com.br\/z6ImGTHLt8-hGj7UTs-3HA0THLA=\/754x0\/smart\/https:\/\/agenciabrasil.ebc.com.br\/sites\/default\/files\/thumbnails\/image\/curiosidades-ribeirao-preto.jpg?itok=sliNzFxz\" alt=\"Imagens \u00e1reas da cidade de Ribeir\u00e3o Preto, no estado de S\u00e3o Paulo.\" title=\"Governo do Estado de S\u00e3o Paulo\"\/><\/figure>\n\n\n\n<p>Imagens \u00e1reas da cidade de Ribeir\u00e3o Preto, no estado de S\u00e3o Paulo. &#8211;&nbsp;<strong>Governo do Estado de S\u00e3o Paulo<\/strong><\/p>\n\n\n\n<p>A prefeitura decidiu prorrogar at\u00e9 amanh\u00e3 (2) a fase emergencial restritiva e manter\u00e1 fechados shoppings centers, com\u00e9rcio em geral, sal\u00f5es de beleza, academias, parques, restaurantes e supermercados.<\/p>\n\n\n\n<p>Durante a prorroga\u00e7\u00e3o, segmentos aliment\u00edcios dever\u00e3o permanecer atendendo pelos sistemas de entrega em domic\u00edlio e retirada em ve\u00edculo. A determina\u00e7\u00e3o mant\u00e9m tamb\u00e9m suspensas as aulas presenciais em escolas p\u00fablicas e privadas e o transporte p\u00fablico da cidade.<\/p>\n\n\n\n<p>De acordo com a prefeitura, da pr\u00f3xima quinta-feira (3) at\u00e9 domingo (6), haver\u00e1 relaxamento das regras com a abertura de supermercados e similares, \u00f3ticas, lojas de material de constru\u00e7\u00e3o, parques e pra\u00e7as e funcionamento das feiras livres. Do dia 7 ao dia 13 de junho, Ribeir\u00e3o Preto passar\u00e1 a obedecer integralmente o Plano S\u00e3o Paulo, do governo do estado.<\/p>\n\n\n\n<p>Edi\u00e7\u00e3o: L\u00edlian Beraldo<\/p>\n","protected":false},"excerpt":{"rendered":"<p>Cidades paulistas temem aumento da dissemina\u00e7\u00e3o do novo coronav\u00edrus Por Bruno Bocchini &#8211; Rep\u00f3rter da<\/p>\n","protected":false},"author":2,"featured_media":15346,"comment_status":"open","ping_status":"open","sticky":false,"template":"","format":"standard","meta":{"footnotes":""},"categories":[17],"tags":[],"class_list":["post-15345","post","type-post","status-publish","format-standard","has-post-thumbnail","hentry","category-outras-noticias"],"_links":{"self":[{"href":"https:\/\/tvc16.com\/portal\/wp-json\/wp\/v2\/posts\/15345","targetHints":{"allow":["GET"]}}],"collection":[{"href":"https:\/\/tvc16.com\/portal\/wp-json\/wp\/v2\/posts"}],"about":[{"href":"https:\/\/tvc16.com\/portal\/wp-json\/wp\/v2\/types\/post"}],"author":[{"embeddable":true,"href":"https:\/\/tvc16.com\/portal\/wp-json\/wp\/v2\/users\/2"}],"replies":[{"embeddable":true,"href":"https:\/\/tvc16.com\/portal\/wp-json\/wp\/v2\/comments?post=15345"}],"version-history":[{"count":1,"href":"https:\/\/tvc16.com\/portal\/wp-json\/wp\/v2\/posts\/15345\/revisions"}],"predecessor-version":[{"id":15347,"href":"https:\/\/tvc16.com\/portal\/wp-json\/wp\/v2\/posts\/15345\/revisions\/15347"}],"wp:featuredmedia":[{"embeddable":true,"href":"https:\/\/tvc16.com\/portal\/wp-json\/wp\/v2\/media\/15346"}],"wp:attachment":[{"href":"https:\/\/tvc16.com\/portal\/wp-json\/wp\/v2\/media?parent=15345"}],"wp:term":[{"taxonomy":"category","embeddable":true,"href":"https:\/\/tvc16.com\/portal\/wp-json\/wp\/v2\/categories?post=15345"},{"taxonomy":"post_tag","embeddable":true,"href":"https:\/\/tvc16.com\/portal\/wp-json\/wp\/v2\/tags?post=15345"}],"curies":[{"name":"wp","href":"https:\/\/api.w.org\/{rel}","templated":true}]}}