{"id":1535,"date":"2020-09-29T14:09:28","date_gmt":"2020-09-29T14:09:28","guid":{"rendered":"https:\/\/tvc16.com\/portal\/?p=1535"},"modified":"2020-09-29T14:09:28","modified_gmt":"2020-09-29T14:09:28","slug":"governo-vai-vender-edificio-a-noite-antiga-sede-da-radio-nacional","status":"publish","type":"post","link":"https:\/\/tvc16.com\/portal\/2020\/09\/29\/governo-vai-vender-edificio-a-noite-antiga-sede-da-radio-nacional\/","title":{"rendered":"Governo vai vender Edif\u00edcio A Noite, antiga sede da R\u00e1dio Nacional"},"content":{"rendered":"\n<p>Medida est\u00e1 publicada no Di\u00e1rio Oficial de hoje<\/p>\n\n\n\n<p>O Minist\u00e9rio da Economia autorizou hoje (29) a venda do Edif\u00edcio A Noite, pr\u00e9dio hist\u00f3rico localizado na Pra\u00e7a Mau\u00e1, na zona portu\u00e1ria do Rio de Janeiro, que abrigou por d\u00e9cadas a&nbsp;<strong>R\u00e1dio Nacional<\/strong>, da&nbsp;<strong>Empresa Brasil de Comunica\u00e7\u00e3o<\/strong>&nbsp;(<strong>EBC)<\/strong>. A autoriza\u00e7\u00e3o foi publicada na edi\u00e7\u00e3o de hoje do&nbsp;<em>Di\u00e1rio Oficial da Uni\u00e3o<\/em>.<img decoding=\"async\" src=\"https:\/\/agenciabrasil.ebc.com.br\/ebc.png?id=1389199&amp;o=node\"><img decoding=\"async\" src=\"https:\/\/agenciabrasil.ebc.com.br\/ebc.gif?id=1389199&amp;o=node\"><\/p>\n\n\n\n<p>Constru\u00eddo na d\u00e9cada de 1920, era o maior edif\u00edcio da Am\u00e9rica do Sul na \u00e9poca de sua inaugura\u00e7\u00e3o, em 1929.<\/p>\n\n\n\n<p>Projetado pelo arquiteto Joseph Gire, o mesmo que desenhou o projeto do Hotel Copacabana Palace e do Hotel Gl\u00f3ria, tamb\u00e9m no Rio, o pr\u00e9dio deve seu nome ao hoje extinto jornal&nbsp;<em>A Noite<\/em>, que ocupava o espa\u00e7o. Tornou-se sede da<strong>&nbsp;R\u00e1dio Nacional do Rio de Janeiro<\/strong>, depois da cria\u00e7\u00e3o, em 1936, da emissora, que passou a ocupar quatro andares do edif\u00edcio alguns anos depois de sua inaugura\u00e7\u00e3o.<\/p>\n\n\n\n<p>Por seus corredores e elevadores circularam os principais nomes da cultura brasileira, na \u00e9poca em que a&nbsp;<strong>R\u00e1dio Nacional&nbsp;<\/strong>era um dos principais ve\u00edculos de comunica\u00e7\u00e3o do pa\u00eds na fase de ouro do r\u00e1dio (entre as d\u00e9cadas de 1940 e 1950).<\/p>\n\n\n\n<p>O pr\u00e9dio passou a ser propriedade da Uni\u00e3o em 1940, devido a d\u00edvidas de sua propriet\u00e1ria, a Companhia Estrada de Ferro S\u00e3o Paulo-Rio Grande.<\/p>\n\n\n\n<p>Edi\u00e7\u00e3o: Kleber Sampaio<\/p>\n","protected":false},"excerpt":{"rendered":"<p>Medida est\u00e1 publicada no Di\u00e1rio Oficial de hoje O Minist\u00e9rio da Economia autorizou hoje (29)<\/p>\n","protected":false},"author":2,"featured_media":1536,"comment_status":"open","ping_status":"open","sticky":false,"template":"","format":"standard","meta":{"footnotes":""},"categories":[17],"tags":[],"class_list":["post-1535","post","type-post","status-publish","format-standard","has-post-thumbnail","hentry","category-outras-noticias"],"_links":{"self":[{"href":"https:\/\/tvc16.com\/portal\/wp-json\/wp\/v2\/posts\/1535","targetHints":{"allow":["GET"]}}],"collection":[{"href":"https:\/\/tvc16.com\/portal\/wp-json\/wp\/v2\/posts"}],"about":[{"href":"https:\/\/tvc16.com\/portal\/wp-json\/wp\/v2\/types\/post"}],"author":[{"embeddable":true,"href":"https:\/\/tvc16.com\/portal\/wp-json\/wp\/v2\/users\/2"}],"replies":[{"embeddable":true,"href":"https:\/\/tvc16.com\/portal\/wp-json\/wp\/v2\/comments?post=1535"}],"version-history":[{"count":1,"href":"https:\/\/tvc16.com\/portal\/wp-json\/wp\/v2\/posts\/1535\/revisions"}],"predecessor-version":[{"id":1537,"href":"https:\/\/tvc16.com\/portal\/wp-json\/wp\/v2\/posts\/1535\/revisions\/1537"}],"wp:featuredmedia":[{"embeddable":true,"href":"https:\/\/tvc16.com\/portal\/wp-json\/wp\/v2\/media\/1536"}],"wp:attachment":[{"href":"https:\/\/tvc16.com\/portal\/wp-json\/wp\/v2\/media?parent=1535"}],"wp:term":[{"taxonomy":"category","embeddable":true,"href":"https:\/\/tvc16.com\/portal\/wp-json\/wp\/v2\/categories?post=1535"},{"taxonomy":"post_tag","embeddable":true,"href":"https:\/\/tvc16.com\/portal\/wp-json\/wp\/v2\/tags?post=1535"}],"curies":[{"name":"wp","href":"https:\/\/api.w.org\/{rel}","templated":true}]}}