{"id":15352,"date":"2021-06-01T18:13:10","date_gmt":"2021-06-01T21:13:10","guid":{"rendered":"https:\/\/tvc16.com\/portal\/?p=15352"},"modified":"2021-06-01T18:13:11","modified_gmt":"2021-06-01T21:13:11","slug":"rua-joao-xavier-ganha-iluminacao-de-led","status":"publish","type":"post","link":"https:\/\/tvc16.com\/portal\/2021\/06\/01\/rua-joao-xavier-ganha-iluminacao-de-led\/","title":{"rendered":"Rua Jo\u00e3o Xavier ganha ilumina\u00e7\u00e3o de LED"},"content":{"rendered":"\n<p>O governo municipal inicia a instala\u00e7\u00e3o de LED na rua Jo\u00e3o Xavier, no Bingen, a partir de hoje (01\/06) \u00e0 noite. Ser\u00e3o instaladas 81 lumin\u00e1rias em substitui\u00e7\u00e3o \u00e0s l\u00e2mpadas de vapor de s\u00f3dio. A mudan\u00e7a \u00e9 realizada pelo Departamento de Ilumina\u00e7\u00e3o P\u00fablica da prefeitura, ligado \u00e0 Secretaria de Servi\u00e7os, Seguran\u00e7a e Ordem P\u00fablica (SSOP).<\/p>\n\n\n\n<p>O programa de eficientiza\u00e7\u00e3o do governo municipal busca padronizar e uniformizar a ilumina\u00e7\u00e3o p\u00fablica em todo o munic\u00edpio. \u201cAl\u00e9m da quest\u00e3o econ\u00f4mica e de sustentabilidade, o LED tamb\u00e9m \u00e9 importante para a seguran\u00e7a p\u00fablica\u201d, explica o prefeito interino Hingo Hammes.<\/p>\n\n\n\n<p>Ontem (31), a prefeitura terminou a instala\u00e7\u00e3o de LED na Vila Francisco, que fica na Estrada da Serra Velha, no Meio da Serra. Foram colocadas 34 lumin\u00e1rias em substitui\u00e7\u00e3o \u00e0s l\u00e2mpadas de vapor de s\u00f3dio. Na semana passada, o trabalho foi conclu\u00eddo na rua \u00c1lvaro Machado, no S\u00e3o Sebasti\u00e3o, local onde foram colocadas 24 lumin\u00e1rias.<\/p>\n\n\n\n<p>Neste ano, al\u00e9m desses locais, o executivo fez esse trabalho na Castel\u00e2nea, Bingen, Alto da Serra, Duarte da Silveira, Secret\u00e1rio, Retiro, Araras e Pedro do Rio. O estudo levou em considera\u00e7\u00e3o os \u00edndices de ilumina\u00e7\u00e3o estabelecidos pela Associa\u00e7\u00e3o Brasileira de Normas T\u00e9cnicas (ABNT) para cada tipo de rua.<\/p>\n\n\n\n<p>&#8220;\u00c9 importante ressaltar que, ap\u00f3s a troca para o LED, s\u00e3o retirados os bra\u00e7os de sustenta\u00e7\u00e3o e reatores antigos\u201d, explica a secret\u00e1ria da Servi\u00e7os, Karina Bronzo. &#8220;Esses equipamentos, quando ainda podem ser reaproveitados, passam por reciclagem e limpeza. \u00c9 uma forma de reaproveitarmos o equipamento e ainda aumentar a oferta para a popula\u00e7\u00e3o&#8221;, completa.<\/p>\n\n\n\n<p>A tecnologia de luz de LED possibilita menor necessidade de manuten\u00e7\u00e3o &#8211; as l\u00e2mpadas possuem possuem mais durabilidade. Uma l\u00e2mpada de vapor de s\u00f3dio de 250W, por exemplo, tem vida \u00fatil de 32 mil horas e demanda um reator que dura 20 mil horas em m\u00e9dia. J\u00e1 uma lumin\u00e1ria de LED com 180W dura 50 mil horas.<\/p>\n","protected":false},"excerpt":{"rendered":"<p>O governo municipal inicia a instala\u00e7\u00e3o de LED na rua Jo\u00e3o Xavier, no Bingen, a<\/p>\n","protected":false},"author":2,"featured_media":15353,"comment_status":"open","ping_status":"open","sticky":false,"template":"","format":"standard","meta":{"footnotes":""},"categories":[12],"tags":[],"class_list":["post-15352","post","type-post","status-publish","format-standard","has-post-thumbnail","hentry","category-cidade"],"_links":{"self":[{"href":"https:\/\/tvc16.com\/portal\/wp-json\/wp\/v2\/posts\/15352","targetHints":{"allow":["GET"]}}],"collection":[{"href":"https:\/\/tvc16.com\/portal\/wp-json\/wp\/v2\/posts"}],"about":[{"href":"https:\/\/tvc16.com\/portal\/wp-json\/wp\/v2\/types\/post"}],"author":[{"embeddable":true,"href":"https:\/\/tvc16.com\/portal\/wp-json\/wp\/v2\/users\/2"}],"replies":[{"embeddable":true,"href":"https:\/\/tvc16.com\/portal\/wp-json\/wp\/v2\/comments?post=15352"}],"version-history":[{"count":1,"href":"https:\/\/tvc16.com\/portal\/wp-json\/wp\/v2\/posts\/15352\/revisions"}],"predecessor-version":[{"id":15354,"href":"https:\/\/tvc16.com\/portal\/wp-json\/wp\/v2\/posts\/15352\/revisions\/15354"}],"wp:featuredmedia":[{"embeddable":true,"href":"https:\/\/tvc16.com\/portal\/wp-json\/wp\/v2\/media\/15353"}],"wp:attachment":[{"href":"https:\/\/tvc16.com\/portal\/wp-json\/wp\/v2\/media?parent=15352"}],"wp:term":[{"taxonomy":"category","embeddable":true,"href":"https:\/\/tvc16.com\/portal\/wp-json\/wp\/v2\/categories?post=15352"},{"taxonomy":"post_tag","embeddable":true,"href":"https:\/\/tvc16.com\/portal\/wp-json\/wp\/v2\/tags?post=15352"}],"curies":[{"name":"wp","href":"https:\/\/api.w.org\/{rel}","templated":true}]}}