{"id":15360,"date":"2021-06-01T18:53:18","date_gmt":"2021-06-01T21:53:18","guid":{"rendered":"https:\/\/tvc16.com\/portal\/?p=15360"},"modified":"2021-06-02T18:35:10","modified_gmt":"2021-06-02T21:35:10","slug":"numero-de-mortes-por-covid-19-em-petropolis-chega-a-1-183","status":"publish","type":"post","link":"https:\/\/tvc16.com\/portal\/2021\/06\/01\/numero-de-mortes-por-covid-19-em-petropolis-chega-a-1-183\/","title":{"rendered":"N\u00famero de mortes por covid-19 em Petr\u00f3polis chega a 1.183"},"content":{"rendered":"\n<p>O boletim epidemiol\u00f3gico desta ter\u00e7a (01\/06) mostra que Petr\u00f3polis fez, at\u00e9 agora, 162.551testes para Covid-19, com 38.117 resultados positivos e 121.016 negativos (levando em considera\u00e7\u00e3o testes r\u00e1pidos e Swab). Mais oito \u00f3bitos foram contabilizados elevando para 1.183 o n\u00famero de mortes em decorr\u00eancia da doen\u00e7a.<\/p>\n\n\n\n<p>Neste momento, 130 pessoas est\u00e3o internadas em UTIs nas redes privada e SUS. Outras 116 est\u00e3o em leitos cl\u00ednicos, considerando leitos privados e SUS, totalizando assim, 246 interna\u00e7\u00f5es em toda a rede da cidade. A ocupa\u00e7\u00e3o de leitos cl\u00ednicos na rede SUS \u00e9 de 62,82% e 71,56% em UTI.<\/p>\n\n\n\n<p>A Secretaria de Sa\u00fade esclarece que o n\u00famero de \u00f3bitos \u00e9 atualizado nos boletins apenas ap\u00f3s o registro do atestado de \u00f3bito e do resultado do exame do paciente no sistema da Vigil\u00e2ncia Epidemiol\u00f3gica, o que \u00e9 feito por equipe administrativa. Trata-se de medida de seguran\u00e7a para evitar erro na informa\u00e7\u00e3o divulgada pela Secretaria de Sa\u00fade.<\/p>\n\n\n\n<p>A Secretaria acrescenta, ainda, que trabalha na atualiza\u00e7\u00e3o de dados de notifica\u00e7\u00f5es e casos em an\u00e1lise no sistema, inserindo ainda dados pendentes de meses anteriores. \u00c9 poss\u00edvel acompanhar a evolu\u00e7\u00e3o dos casos no portal da transpar\u00eancia do coronav\u00edrus, no site da Prefeitura (www.petropolis.rj.gov.br).<\/p>\n\n\n\n<p>\u00d3bitos registrados:<\/p>\n\n\n\n<ol class=\"wp-block-list\"><li>Homem, 55 anos, morador no Duarte da Silveira. Internado em 05.05.2021 no HST. \u00d3bito registrado em 28.05.2021 no HST. Paciente com hipertens\u00e3o arterial.<\/li><li>Mulher, 54 anos, morador no Morin. Internada em 15.05.2021 no HST. \u00d3bito registrado em 28.05.2021 no HST. Paciente com hipertens\u00e3o arterial e diabetes.<\/li><li>Mulher, 44 anos, moradora no Morin. Internada em 12.05.2021 no Hospital Unimed. \u00d3bito registrado em 28.05.2021 no Hospital Unimed. Paciente com hipertens\u00e3o arterial.<\/li><li>Mulher, 79 anos, moradora no Bingen. Internada em 19.05.2021 na UPA Cascatinha e transferida para o HAC. \u00d3bito registrado em 29.05.2021 no HAC. Paciente com hipertens\u00e3o arterial e obesidade.<\/li><li>Mulher, 92 anos, moradora no Centro. Internada em 24.05.2021 no Hospital Unimed. \u00d3bito registrado em 30.05.2021 no Hospital Unimed. Paciente com doen\u00e7a cardiovascular cr\u00f4nica e doen\u00e7a neurol\u00f3gica cr\u00f4nica.<\/li><li>Mulher, 50 anos, moradora no Jardim Salvador. Internada em 23.04.2021 no Hospital Unimed. \u00d3bito registrado em 30.05.2021 no Hospital Unimed. Paciente sem comorbidades.<\/li><li>Mulher, 89 anos, moradora no Caxambu. Internada em 09.05.2021 na UPA Cascatinha e transferida para o HNSA. \u00d3bito registrado em 30.05.2021 no HNSA. Paciente com hipertens\u00e3o arterial.<\/li><li>Mulher, 58 anos, moradora no Centro. Internada em 19.05.2021 na UPA Cascatinha e transferida para HMNSE. \u00d3bito registrado em 30.05.2021 no HMNSE. Paciente com obesidade e doen\u00e7a cardiovascular cr\u00f4nica.<\/li><\/ol>\n","protected":false},"excerpt":{"rendered":"<p>O boletim epidemiol\u00f3gico desta ter\u00e7a (01\/06) mostra que Petr\u00f3polis fez, at\u00e9 agora, 162.551testes para Covid-19,<\/p>\n","protected":false},"author":2,"featured_media":15361,"comment_status":"open","ping_status":"open","sticky":false,"template":"","format":"standard","meta":{"footnotes":""},"categories":[12],"tags":[],"class_list":["post-15360","post","type-post","status-publish","format-standard","has-post-thumbnail","hentry","category-cidade"],"_links":{"self":[{"href":"https:\/\/tvc16.com\/portal\/wp-json\/wp\/v2\/posts\/15360","targetHints":{"allow":["GET"]}}],"collection":[{"href":"https:\/\/tvc16.com\/portal\/wp-json\/wp\/v2\/posts"}],"about":[{"href":"https:\/\/tvc16.com\/portal\/wp-json\/wp\/v2\/types\/post"}],"author":[{"embeddable":true,"href":"https:\/\/tvc16.com\/portal\/wp-json\/wp\/v2\/users\/2"}],"replies":[{"embeddable":true,"href":"https:\/\/tvc16.com\/portal\/wp-json\/wp\/v2\/comments?post=15360"}],"version-history":[{"count":2,"href":"https:\/\/tvc16.com\/portal\/wp-json\/wp\/v2\/posts\/15360\/revisions"}],"predecessor-version":[{"id":15388,"href":"https:\/\/tvc16.com\/portal\/wp-json\/wp\/v2\/posts\/15360\/revisions\/15388"}],"wp:featuredmedia":[{"embeddable":true,"href":"https:\/\/tvc16.com\/portal\/wp-json\/wp\/v2\/media\/15361"}],"wp:attachment":[{"href":"https:\/\/tvc16.com\/portal\/wp-json\/wp\/v2\/media?parent=15360"}],"wp:term":[{"taxonomy":"category","embeddable":true,"href":"https:\/\/tvc16.com\/portal\/wp-json\/wp\/v2\/categories?post=15360"},{"taxonomy":"post_tag","embeddable":true,"href":"https:\/\/tvc16.com\/portal\/wp-json\/wp\/v2\/tags?post=15360"}],"curies":[{"name":"wp","href":"https:\/\/api.w.org\/{rel}","templated":true}]}}