{"id":15401,"date":"2021-06-02T18:45:51","date_gmt":"2021-06-02T21:45:51","guid":{"rendered":"https:\/\/tvc16.com\/portal\/?p=15401"},"modified":"2021-06-02T18:45:55","modified_gmt":"2021-06-02T21:45:55","slug":"covid-19-fiocruz-recebe-bancos-de-celulas-e-virus-para-produzir-ifa","status":"publish","type":"post","link":"https:\/\/tvc16.com\/portal\/2021\/06\/02\/covid-19-fiocruz-recebe-bancos-de-celulas-e-virus-para-produzir-ifa\/","title":{"rendered":"Covid-19: Fiocruz recebe bancos de c\u00e9lulas e v\u00edrus para produzir IFA"},"content":{"rendered":"\n<h3 class=\"wp-block-heading\">Eles vieram dos Estados Unidos em baixas temperaturas<\/h3>\n\n\n\n<h4 class=\"wp-block-heading\">Por Vin\u00edcius Lisboa &#8211; Rep\u00f3rter da Ag\u00eancia Brasil &#8211; Rio de Janeiro<\/h4>\n\n\n\n<p>O Instituto de Tecnologia em Imunobiol\u00f3gicos da Funda\u00e7\u00e3o Oswaldo Cruz (Bio-Manguinhos\/Fiocruz) recebeu hoje (2), no Rio de Janeiro, um banco de c\u00e9lulas e outro de v\u00edrus para iniciar a produ\u00e7\u00e3o do ingrediente farmac\u00eautico ativo (IFA) da vacina contra a covid-19. A fabrica\u00e7\u00e3o do insumo tornar\u00e1 o pa\u00eds autossuficiente na produ\u00e7\u00e3o da vacina Oxford\/AstraZeneca na Fiocruz, substituindo o IFA importado da China.<img decoding=\"async\" src=\"https:\/\/agenciabrasil.ebc.com.br\/ebc.png?id=1411528&amp;o=node\"><img decoding=\"async\" src=\"https:\/\/agenciabrasil.ebc.com.br\/ebc.gif?id=1411528&amp;o=node\"><\/p>\n\n\n\n<p>Ao receber os bancos, a presidente da funda\u00e7\u00e3o, N\u00edsia Trindade, comemorou a produ\u00e7\u00e3o do IFA como uma forma de dar autonomia \u00e0 produ\u00e7\u00e3o da vacina e fortalecer o complexo econ\u00f4mico e industrial da Fiocruz.&nbsp;<\/p>\n\n\n\n<p>&#8220;Esperamos dar, de uma forma significativa, mais essa contribui\u00e7\u00e3o ao nosso pa\u00eds e apoiar o esfor\u00e7o global de controle dessa pandemia e de supera\u00e7\u00e3o desse grave quadro de crise&#8221;, disse.<\/p>\n\n\n\n<p>Os bancos de c\u00e9lulas e v\u00edrus s\u00e3o a base para a produ\u00e7\u00e3o do IFA e chegaram ao Aeroporto Internacional do Rio de Janeiro \u00e0s 8h03, vindos dos Estados Unidos. O banco de c\u00e9lulas foi enviado em nitrog\u00eanio l\u00edquido, mantido a uma temperatura de aproximadamente -150\u00baC, e o banco de v\u00edrus em gelo seco, a cerca de -80\u00baC.<\/p>\n\n\n\n<h2 class=\"wp-block-heading\">Descongelamento<\/h2>\n\n\n\n<p>O descongelamento do material ser\u00e1 a primeira etapa do trabalho, que passar\u00e1 por uma s\u00e9rie de passos de produ\u00e7\u00e3o e controle de qualidade que duram cerca de 45 dias. A vacina Oxford\/AstraZeneca utiliza adenov\u00edrus de chimpanz\u00e9 modificados geneticamente para carregar informa\u00e7\u00f5es gen\u00e9ticas do coronav\u00edrus e despertar a resposta imune do corpo humano.&nbsp;<\/p>\n\n\n\n<p>Esses v\u00edrus precisam ser multiplicados em biorreatores, em ambiente controlado, e filtrados para a produ\u00e7\u00e3o de um concentrado viral puro que \u00e9 novamente congelado para aguardar a formula\u00e7\u00e3o da vacina, quando \u00e9 dilu\u00eddo em outras subst\u00e2ncias como termoestabilizadores capazes de fazer com que a vacina resista em refrigeradores comuns.<\/p>\n\n\n\n<p>Bio-Manguinhos produzir\u00e1 dois lotes de pr\u00e9-valida\u00e7\u00e3o e tr\u00eas de valida\u00e7\u00e3o do IFA, que precisar\u00e3o ser verificados pela AstraZeneca em um teste de comparabilidade que ser\u00e1 feito no exterior.<\/p>\n\n\n\n<p>Al\u00e9m disso, a Fiocruz vai abrir um novo processo de submiss\u00e3o cont\u00ednua para alterar o registro da vacina junto \u00e0 Ag\u00eancia Nacional de Vigil\u00e2ncia Sanit\u00e1ria (Anvisa). A ag\u00eancia reguladora precisa autorizar a mudan\u00e7a no local de fabrica\u00e7\u00e3o do IFA para que as doses possam come\u00e7ar a ser entregues ao Programa Nacional de Imuniza\u00e7\u00f5es (PNI), o que est\u00e1 previsto para outubro.&nbsp;<\/p>\n\n\n\n<p>At\u00e9 o momento, Bio-Manguinhos j\u00e1 recebeu os certificados de Boas Pr\u00e1ticas de Fabrica\u00e7\u00e3o (cBPF) e de condi\u00e7\u00f5es t\u00e9cnico-operacionais (CTO), que permitem o in\u00edcio da produ\u00e7\u00e3o, mas n\u00e3o s\u00e3o o suficiente para autorizar a aplica\u00e7\u00e3o das doses na popula\u00e7\u00e3o.<\/p>\n\n\n\n<p>O diretor de Bio-Manguinhos, Maur\u00edcio Zuma, estima que a capacidade de produ\u00e7\u00e3o de IFA na Fiocruz poder\u00e1 permitir a fabrica\u00e7\u00e3o de 15 milh\u00f5es de doses por m\u00eas. O instituto vai iniciar a produ\u00e7\u00e3o em grande escala antes da aprova\u00e7\u00e3o da Anvisa, para j\u00e1 ter um estoque de doses prontas quando a ag\u00eancia autorizar o uso.&nbsp;<\/p>\n\n\n\n<h2 class=\"wp-block-heading\">Plataforma revolucion\u00e1ria<\/h2>\n\n\n\n<p>O vice-presidente de produ\u00e7\u00e3o e inova\u00e7\u00e3o da Fiocruz, Marco Krieger, ressaltou que o Brasil come\u00e7ar\u00e1 a produzir IFA nacional de uma plataforma tecnol\u00f3gica revolucion\u00e1ria.<\/p>\n\n\n\n<p>&#8220;Estamos vendo uma revolu\u00e7\u00e3o no mundo nesse campo das vacinas. A ci\u00eancia deu uma resposta muito r\u00e1pida e temos aqui a satisfa\u00e7\u00e3o de, no primeiro ano em que essas tecnologias est\u00e3o sendo utilizadas no enfrentamento da emerg\u00eancia sanit\u00e1ria, temos a oportunidade de fazer a produ\u00e7\u00e3o 100% nacional&#8221;, disse ele.&nbsp;<\/p>\n\n\n\n<p>Acrescentou que &#8220;a gente precisa pensar em usar as novas tecnologias para os novos desafios, mas tamb\u00e9m para os velhos problemas. Receber a tecnologia tem um duplo significado para a gente usar essa tecnologia em v\u00e1rios cen\u00e1rios associados \u00e0 sa\u00fade p\u00fablica&#8221;.<\/p>\n\n\n\n<h2 class=\"wp-block-heading\">Assista na&nbsp;<a href=\"https:\/\/www.youtube.com\/user\/tvbrasil\/videos\" target=\"_blank\" rel=\"noreferrer noopener\">TV Brasil<\/a>:&nbsp;<\/h2>\n\n\n\n<figure class=\"wp-block-embed is-type-rich is-provider-incorporar-manipulador wp-block-embed-incorporar-manipulador wp-embed-aspect-16-9 wp-has-aspect-ratio\"><div class=\"wp-block-embed__wrapper\">\n<iframe loading=\"lazy\" title=\"RJ | Fiocruz vai receber tecnologia de vacina para produ\u00e7\u00e3o nacional\" width=\"640\" height=\"360\" src=\"https:\/\/www.youtube.com\/embed\/hi8W_-XqXzU?feature=oembed\" frameborder=\"0\" allow=\"accelerometer; autoplay; clipboard-write; encrypted-media; gyroscope; picture-in-picture; web-share\" referrerpolicy=\"strict-origin-when-cross-origin\" allowfullscreen><\/iframe>\n<\/div><\/figure>\n\n\n\n<p>Edi\u00e7\u00e3o: Kleber Sampaio<\/p>\n","protected":false},"excerpt":{"rendered":"<p>Eles vieram dos Estados Unidos em baixas temperaturas Por Vin\u00edcius Lisboa &#8211; Rep\u00f3rter da Ag\u00eancia<\/p>\n","protected":false},"author":2,"featured_media":15403,"comment_status":"open","ping_status":"open","sticky":false,"template":"","format":"standard","meta":{"footnotes":""},"categories":[17],"tags":[],"class_list":["post-15401","post","type-post","status-publish","format-standard","has-post-thumbnail","hentry","category-outras-noticias"],"_links":{"self":[{"href":"https:\/\/tvc16.com\/portal\/wp-json\/wp\/v2\/posts\/15401","targetHints":{"allow":["GET"]}}],"collection":[{"href":"https:\/\/tvc16.com\/portal\/wp-json\/wp\/v2\/posts"}],"about":[{"href":"https:\/\/tvc16.com\/portal\/wp-json\/wp\/v2\/types\/post"}],"author":[{"embeddable":true,"href":"https:\/\/tvc16.com\/portal\/wp-json\/wp\/v2\/users\/2"}],"replies":[{"embeddable":true,"href":"https:\/\/tvc16.com\/portal\/wp-json\/wp\/v2\/comments?post=15401"}],"version-history":[{"count":1,"href":"https:\/\/tvc16.com\/portal\/wp-json\/wp\/v2\/posts\/15401\/revisions"}],"predecessor-version":[{"id":15404,"href":"https:\/\/tvc16.com\/portal\/wp-json\/wp\/v2\/posts\/15401\/revisions\/15404"}],"wp:featuredmedia":[{"embeddable":true,"href":"https:\/\/tvc16.com\/portal\/wp-json\/wp\/v2\/media\/15403"}],"wp:attachment":[{"href":"https:\/\/tvc16.com\/portal\/wp-json\/wp\/v2\/media?parent=15401"}],"wp:term":[{"taxonomy":"category","embeddable":true,"href":"https:\/\/tvc16.com\/portal\/wp-json\/wp\/v2\/categories?post=15401"},{"taxonomy":"post_tag","embeddable":true,"href":"https:\/\/tvc16.com\/portal\/wp-json\/wp\/v2\/tags?post=15401"}],"curies":[{"name":"wp","href":"https:\/\/api.w.org\/{rel}","templated":true}]}}