{"id":15408,"date":"2021-06-02T18:47:47","date_gmt":"2021-06-02T21:47:47","guid":{"rendered":"https:\/\/tvc16.com\/portal\/?p=15408"},"modified":"2021-06-02T18:47:49","modified_gmt":"2021-06-02T21:47:49","slug":"unicamp-muda-data-de-vestibular-e-volta-a-aceitar-nota-do-enem","status":"publish","type":"post","link":"https:\/\/tvc16.com\/portal\/2021\/06\/02\/unicamp-muda-data-de-vestibular-e-volta-a-aceitar-nota-do-enem\/","title":{"rendered":"Unicamp muda data de vestibular e volta a aceitar nota do Enem"},"content":{"rendered":"\n<h3 class=\"wp-block-heading\">Primeira fase ser\u00e1 realizada no dia 7 de novembro<\/h3>\n\n\n\n<h4 class=\"wp-block-heading\">Por Bruno Bocchini &#8211; Rep\u00f3rter da Ag\u00eancia Brasil &#8211; S\u00e3o Paulo<\/h4>\n\n\n\n<p>A Universidade Estadual de Campinas (Unicamp) alterou a data da primeira fase do seu vestibular para o dia 7 de novembro de 2021. A segunda fase da prova est\u00e1 mantida para os dias 16 e 17 de janeiro de 2022.<img decoding=\"async\" src=\"https:\/\/agenciabrasil.ebc.com.br\/ebc.png?id=1411535&amp;o=node\"><img decoding=\"async\" src=\"https:\/\/agenciabrasil.ebc.com.br\/ebc.gif?id=1411535&amp;o=node\"><\/p>\n\n\n\n<p>Segundo a Unicamp, a altera\u00e7\u00e3o na data da primeira fase \u2013 agendada inicialmente para 21 de novembro \u2013 ocorreu porque o governo federal marcou a aplica\u00e7\u00e3o do&nbsp;<a href=\"https:\/\/agenciabrasil.ebc.com.br\/educacao\/noticia\/2021-05\/enem-2021-esta-marcado-para-21-e-28-de-novembro\" target=\"_blank\" rel=\"noreferrer noopener\">Exame Nacional de Ensino M\u00e9dio (Enem) 2021 para os dias 21 e 28 de novembro<\/a>.<\/p>\n\n\n\n<p>\u201cA Unicamp optou por redefinir a data, de maneira a facilitar o acesso de estudantes interessados em mais de um processo seletivo. A escolha da data ocorreu ap\u00f3s reuni\u00e3o com outras universidades\u201d, destacou a institui\u00e7\u00e3o em nota.<\/p>\n\n\n\n<p>As inscri\u00e7\u00f5es para o Vestibular Unicamp 2022 ter\u00e3o in\u00edcio no dia 2 de agosto de 2021 e dever\u00e3o ser feitas at\u00e9 dia 8 de setembro. O valor da taxa de inscri\u00e7\u00e3o ser\u00e1 de R$ 180 e poder\u00e1 ser pago at\u00e9 o dia 10 de setembro. Os detalhes do vestibular da Unicamp&nbsp;<a href=\"https:\/\/www.comvest.unicamp.br\/\" target=\"_blank\" rel=\"noreferrer noopener\">podem ser vistos no site da institui\u00e7\u00e3o<\/a>.<\/p>\n\n\n\n<h2 class=\"wp-block-heading\">Volta do Enem<\/h2>\n\n\n\n<p>A Unicamp confirmou ainda que voltar\u00e1 a realizar em 2021 a modalidade Enem-Unicamp para ingresso na universidade em 2022. No ano passado, a institui\u00e7\u00e3o n\u00e3o p\u00f4de utilizar esse sistema de ingresso porque, em raz\u00e3o da mudan\u00e7a da data do Enem, a Unicamp n\u00e3o recebeu os resultados a tempo das matr\u00edculas em 2021.<\/p>\n\n\n\n<p>Os detalhes da modalidade Enem-Unicamp ainda ser\u00e3o divulgadas pela institui\u00e7\u00e3o. No entanto, os&nbsp;<a href=\"https:\/\/www.comvest.unicamp.br\/vestibular-2022\/isencao-2022\/\" target=\"_blank\" rel=\"noreferrer noopener\">pedidos de isen\u00e7\u00e3o da taxa de inscri\u00e7\u00e3o j\u00e1 podem ser feitos<\/a>.<\/p>\n\n\n\n<p>Edi\u00e7\u00e3o: L\u00edlian Beraldo<\/p>\n","protected":false},"excerpt":{"rendered":"<p>Primeira fase ser\u00e1 realizada no dia 7 de novembro Por Bruno Bocchini &#8211; Rep\u00f3rter da<\/p>\n","protected":false},"author":2,"featured_media":15409,"comment_status":"open","ping_status":"open","sticky":false,"template":"","format":"standard","meta":{"footnotes":""},"categories":[17],"tags":[],"class_list":["post-15408","post","type-post","status-publish","format-standard","has-post-thumbnail","hentry","category-outras-noticias"],"_links":{"self":[{"href":"https:\/\/tvc16.com\/portal\/wp-json\/wp\/v2\/posts\/15408","targetHints":{"allow":["GET"]}}],"collection":[{"href":"https:\/\/tvc16.com\/portal\/wp-json\/wp\/v2\/posts"}],"about":[{"href":"https:\/\/tvc16.com\/portal\/wp-json\/wp\/v2\/types\/post"}],"author":[{"embeddable":true,"href":"https:\/\/tvc16.com\/portal\/wp-json\/wp\/v2\/users\/2"}],"replies":[{"embeddable":true,"href":"https:\/\/tvc16.com\/portal\/wp-json\/wp\/v2\/comments?post=15408"}],"version-history":[{"count":1,"href":"https:\/\/tvc16.com\/portal\/wp-json\/wp\/v2\/posts\/15408\/revisions"}],"predecessor-version":[{"id":15410,"href":"https:\/\/tvc16.com\/portal\/wp-json\/wp\/v2\/posts\/15408\/revisions\/15410"}],"wp:featuredmedia":[{"embeddable":true,"href":"https:\/\/tvc16.com\/portal\/wp-json\/wp\/v2\/media\/15409"}],"wp:attachment":[{"href":"https:\/\/tvc16.com\/portal\/wp-json\/wp\/v2\/media?parent=15408"}],"wp:term":[{"taxonomy":"category","embeddable":true,"href":"https:\/\/tvc16.com\/portal\/wp-json\/wp\/v2\/categories?post=15408"},{"taxonomy":"post_tag","embeddable":true,"href":"https:\/\/tvc16.com\/portal\/wp-json\/wp\/v2\/tags?post=15408"}],"curies":[{"name":"wp","href":"https:\/\/api.w.org\/{rel}","templated":true}]}}