{"id":1541,"date":"2020-09-29T14:17:40","date_gmt":"2020-09-29T14:17:40","guid":{"rendered":"https:\/\/tvc16.com\/portal\/?p=1541"},"modified":"2020-09-29T14:17:40","modified_gmt":"2020-09-29T14:17:40","slug":"precos-na-industria-tem-maior-alta-desde-2014-328","status":"publish","type":"post","link":"https:\/\/tvc16.com\/portal\/2020\/09\/29\/precos-na-industria-tem-maior-alta-desde-2014-328\/","title":{"rendered":"Pre\u00e7os na ind\u00fastria t\u00eam maior alta desde 2014: 3,28%"},"content":{"rendered":"\n<p>Arroz impactou o resultado da ind\u00fastria alimentar, diz pesquisa<\/p>\n\n\n\n<p>O \u00cdndice de Pre\u00e7os ao Produtor (IPP), que mede a infla\u00e7\u00e3o de produtos na sa\u00edda das f\u00e1bricas brasileiras, registrou infla\u00e7\u00e3o de 3,28% em agosto deste ano. Foi a maior alta de pre\u00e7os em um m\u00eas desde o in\u00edcio da pesquisa, em janeiro de 2014, segundo dados divulgados hoje (29), no Rio de Janeiro, pelo Instituto Brasileiro de Geografia e Estat\u00edstica (IBGE).<img decoding=\"async\" src=\"https:\/\/agenciabrasil.ebc.com.br\/ebc.png?id=1389207&amp;o=node\"><img decoding=\"async\" src=\"https:\/\/agenciabrasil.ebc.com.br\/ebc.gif?id=1389207&amp;o=node\"><\/p>\n\n\n\n<p>Em julho, o IPP teve infla\u00e7\u00e3o de 3,22%. Com o resultado de agosto, o \u00edndice acumula taxas de infla\u00e7\u00e3o de 10,80% neste ano e de 13,74% em 12 meses.<\/p>\n\n\n\n<h2 class=\"wp-block-heading\">Alimentos sobem 4,07%<\/h2>\n\n\n\n<p>As 24 atividades industriais pesquisadas pelo IBGE tiveram alta de pre\u00e7os em agosto, com destaque para os alimentos (4,07%).<\/p>\n\n\n\n<p>\u201cForam quatro produtos que mais impactaram o resultado da ind\u00fastria alimentar: farelo de soja, \u00f3leo de soja, arroz descascado branqueado e leite esterilizado UHT longa vida\u201d, disse o gerente do IPP, Manuel Campos Souza Neto.<\/p>\n\n\n\n<p>Outras altas de pre\u00e7os importantes foram refino de petr\u00f3leo e produtos de \u00e1lcool (6,24%), ind\u00fastrias extrativas (8,43%) e outros produtos qu\u00edmicos (4,13%).<\/p>\n\n\n\n<p>Entre as quatro grandes categorias econ\u00f4micas da ind\u00fastria, o destaque ficou com os bens intermedi\u00e1rios, isto \u00e9, os insumos industrializados usados no setor produtivo (4,03%).<\/p>\n\n\n\n<p>As outras tr\u00eas categorias de produtos tamb\u00e9m tiveram alta de pre\u00e7os: bens de capital, isto \u00e9, as m\u00e1quinas e equipamentos usados no setor produtivo (1,62%), os bens de consumo semi e n\u00e3o dur\u00e1veis (2,94%) e os bens de consumo dur\u00e1veis (0,60%).<\/p>\n\n\n\n<p>Por Vitor Abdala &#8211; Rep\u00f3rter da Ag\u00eancia Brasil &#8211; Rio de Janeiro<\/p>\n\n\n\n<p>Edi\u00e7\u00e3o: Kleber Sampaio<\/p>\n","protected":false},"excerpt":{"rendered":"<p>Arroz impactou o resultado da ind\u00fastria alimentar, diz pesquisa O \u00cdndice de Pre\u00e7os ao Produtor<\/p>\n","protected":false},"author":2,"featured_media":1542,"comment_status":"open","ping_status":"open","sticky":false,"template":"","format":"standard","meta":{"footnotes":""},"categories":[18],"tags":[],"class_list":["post-1541","post","type-post","status-publish","format-standard","has-post-thumbnail","hentry","category-economia"],"_links":{"self":[{"href":"https:\/\/tvc16.com\/portal\/wp-json\/wp\/v2\/posts\/1541","targetHints":{"allow":["GET"]}}],"collection":[{"href":"https:\/\/tvc16.com\/portal\/wp-json\/wp\/v2\/posts"}],"about":[{"href":"https:\/\/tvc16.com\/portal\/wp-json\/wp\/v2\/types\/post"}],"author":[{"embeddable":true,"href":"https:\/\/tvc16.com\/portal\/wp-json\/wp\/v2\/users\/2"}],"replies":[{"embeddable":true,"href":"https:\/\/tvc16.com\/portal\/wp-json\/wp\/v2\/comments?post=1541"}],"version-history":[{"count":1,"href":"https:\/\/tvc16.com\/portal\/wp-json\/wp\/v2\/posts\/1541\/revisions"}],"predecessor-version":[{"id":1543,"href":"https:\/\/tvc16.com\/portal\/wp-json\/wp\/v2\/posts\/1541\/revisions\/1543"}],"wp:featuredmedia":[{"embeddable":true,"href":"https:\/\/tvc16.com\/portal\/wp-json\/wp\/v2\/media\/1542"}],"wp:attachment":[{"href":"https:\/\/tvc16.com\/portal\/wp-json\/wp\/v2\/media?parent=1541"}],"wp:term":[{"taxonomy":"category","embeddable":true,"href":"https:\/\/tvc16.com\/portal\/wp-json\/wp\/v2\/categories?post=1541"},{"taxonomy":"post_tag","embeddable":true,"href":"https:\/\/tvc16.com\/portal\/wp-json\/wp\/v2\/tags?post=1541"}],"curies":[{"name":"wp","href":"https:\/\/api.w.org\/{rel}","templated":true}]}}