{"id":15411,"date":"2021-06-02T18:48:32","date_gmt":"2021-06-02T21:48:32","guid":{"rendered":"https:\/\/tvc16.com\/portal\/?p=15411"},"modified":"2021-06-02T18:48:34","modified_gmt":"2021-06-02T21:48:34","slug":"eliminatorias-selecao-faz-ultimo-treino-antes-de-viagem-para-o-rs","status":"publish","type":"post","link":"https:\/\/tvc16.com\/portal\/2021\/06\/02\/eliminatorias-selecao-faz-ultimo-treino-antes-de-viagem-para-o-rs\/","title":{"rendered":"Eliminat\u00f3rias: sele\u00e7\u00e3o faz \u00faltimo treino antes de viagem para o RS"},"content":{"rendered":"\n<h3 class=\"wp-block-heading\">Equipe viaja para Porto Alegre, onde pega Equador na sexta<\/h3>\n\n\n\n<h4 class=\"wp-block-heading\">Por Juliano Justo &#8211; Rep\u00f3rter da TV Brasil e da R\u00e1dio Nacional &#8211; S\u00e3o Paulo<\/h4>\n\n\n\n<p>Na manh\u00e3 desta&nbsp;quarta-feira (2), a sele\u00e7\u00e3o brasileira, comandada pelo t\u00e9cnico Tite, fez o \u00faltimo treino na Granja Comary, em Teres\u00f3polis, antes de viajar para Porto Alegre. Na capital ga\u00facha, o time encara o Equador pelas Eliminat\u00f3rias da Copa do Mundo Fifa&nbsp;Catar 2022 na&nbsp;sexta-feira (4), \u00e0s 21h30, no Est\u00e1dio Beira-Rio. Essa ser\u00e1 a quinta&nbsp;partida da equipe nacional no torneio. O Brasil \u00e9 l\u00edder com 12 pontos e 100% de aproveitamento. O grupo embarca ainda na tarde desta&nbsp;quarta-feira em voo fretado para o Rio Grande do Sul.<img decoding=\"async\" src=\"https:\/\/agenciabrasil.ebc.com.br\/ebc.png?id=1411536&amp;o=node\"><img decoding=\"async\" src=\"https:\/\/agenciabrasil.ebc.com.br\/ebc.gif?id=1411536&amp;o=node\">https:\/\/platform.twitter.com\/embed\/Tweet.html?creatorScreenName=agenciabrasil&amp;dnt=false&amp;embedId=twitter-widget-0&amp;features=eyJ0ZndfZXhwZXJpbWVudHNfY29va2llX2V4cGlyYXRpb24iOnsiYnVja2V0IjoxMjA5NjAwLCJ2ZXJzaW9uIjpudWxsfSwidGZ3X2hvcml6b25fdHdlZXRfZW1iZWRfOTU1NSI6eyJidWNrZXQiOiJodGUiLCJ2ZXJzaW9uIjpudWxsfSwidGZ3X3R3ZWV0X2VtYmVkX2NsaWNrYWJpbGl0eV8xMjEwMiI6eyJidWNrZXQiOiJjb250cm9sIiwidmVyc2lvbiI6bnVsbH19&amp;frame=false&amp;hideCard=false&amp;hideThread=false&amp;id=1400146464232386564&amp;lang=pt&amp;origin=https%3A%2F%2Fagenciabrasil.ebc.com.br%2Fesportes%2Fnoticia%2F2021-06%2Feliminatorias-selecao-faz-ultimo-treino-antes-de-viagem-para-o-rs&amp;sessionId=9af7579b3953776c67bc0bf5a6082a437ca8f5ae&amp;siteScreenName=agenciabrasil&amp;theme=light&amp;widgetsVersion=82e1070%3A1619632193066&amp;width=550px<\/p>\n\n\n\n<p>Na atividade desta quarta, depois do aquecimento, o treinador separou o elenco em dois. Um dos times foi comandado pelo pr\u00f3prio Tite no campo 1, enquanto outra equipe trabalhou sob comando dos auxiliares t\u00e9cnicos no campo 2. O segundo exerc\u00edcio do dia foi o chamado &#8220;enfrentamento&#8221;, que usa os jogadores em espa\u00e7o reduzido em um duelo&nbsp;de dez&nbsp;contra nove. No time de azul, que tinha superioridade num\u00e9rica, estavam: Danilo, Marquinhos, Eder Milit\u00e3o, Alex Sandro, Casemiro, Fred, Lucas Paquet\u00e1, Richarlison, e Neymar. Os atacantes Gabriel Jesus e Gabriel Barbosa se alternaram no ataque do time azul, com constantes trocas de posi\u00e7\u00e3o entre os homens de frente. No time de amarelo, que se defendia, estavam Alisson, Emerson, Rodrigo Caio, Felipe, Renan Lodi, Fabinho, Douglas Luiz, Roberto Firmino, Vinicius Jr e Everton. Um proje\u00e7\u00e3o de time para o jogo tem Alisson, Danilo, \u00c9der Milit\u00e3o, Marquinhos e Alex Sandro; Casemiro, Fred, Richarlison, Lucas Paquet\u00e1, Neymar e Gabigol.<\/p>\n\n\n\n<p>Al\u00e9m da atividade dentro de campo, a CBF tamb\u00e9m atualizou a situa\u00e7\u00e3o do meia Everton Ribeiro, do Flamengo. &#8220;O&nbsp;atleta apresentou-se no dia seguinte ao jogo de estreia de seu clube pelo Campeonato Brasileiro e queixou-se de dores no m\u00fasculo posterior da coxa direita. Ele foi submetido a resson\u00e2ncia magn\u00e9tica que n\u00e3o apontou les\u00e3o. Durante esses dias concentrado, Everton Ribeiro n\u00e3o realizou nenhum treinamento em campo e continua seu processo de recupera\u00e7\u00e3o junto a fisioterapia at\u00e9 a melhora da dor. O quadro evolui bem e continuar\u00e1 sob observa\u00e7\u00e3o&#8221;, diz&nbsp;comunicado da confedera\u00e7\u00e3o.<\/p>\n\n\n\n<p>Edi\u00e7\u00e3o: Marcio Parente<\/p>\n","protected":false},"excerpt":{"rendered":"<p>Equipe viaja para Porto Alegre, onde pega Equador na sexta Por Juliano Justo &#8211; Rep\u00f3rter<\/p>\n","protected":false},"author":2,"featured_media":15412,"comment_status":"open","ping_status":"open","sticky":false,"template":"","format":"standard","meta":{"footnotes":""},"categories":[17],"tags":[],"class_list":["post-15411","post","type-post","status-publish","format-standard","has-post-thumbnail","hentry","category-outras-noticias"],"_links":{"self":[{"href":"https:\/\/tvc16.com\/portal\/wp-json\/wp\/v2\/posts\/15411","targetHints":{"allow":["GET"]}}],"collection":[{"href":"https:\/\/tvc16.com\/portal\/wp-json\/wp\/v2\/posts"}],"about":[{"href":"https:\/\/tvc16.com\/portal\/wp-json\/wp\/v2\/types\/post"}],"author":[{"embeddable":true,"href":"https:\/\/tvc16.com\/portal\/wp-json\/wp\/v2\/users\/2"}],"replies":[{"embeddable":true,"href":"https:\/\/tvc16.com\/portal\/wp-json\/wp\/v2\/comments?post=15411"}],"version-history":[{"count":1,"href":"https:\/\/tvc16.com\/portal\/wp-json\/wp\/v2\/posts\/15411\/revisions"}],"predecessor-version":[{"id":15413,"href":"https:\/\/tvc16.com\/portal\/wp-json\/wp\/v2\/posts\/15411\/revisions\/15413"}],"wp:featuredmedia":[{"embeddable":true,"href":"https:\/\/tvc16.com\/portal\/wp-json\/wp\/v2\/media\/15412"}],"wp:attachment":[{"href":"https:\/\/tvc16.com\/portal\/wp-json\/wp\/v2\/media?parent=15411"}],"wp:term":[{"taxonomy":"category","embeddable":true,"href":"https:\/\/tvc16.com\/portal\/wp-json\/wp\/v2\/categories?post=15411"},{"taxonomy":"post_tag","embeddable":true,"href":"https:\/\/tvc16.com\/portal\/wp-json\/wp\/v2\/tags?post=15411"}],"curies":[{"name":"wp","href":"https:\/\/api.w.org\/{rel}","templated":true}]}}