{"id":15417,"date":"2021-06-02T18:50:12","date_gmt":"2021-06-02T21:50:12","guid":{"rendered":"https:\/\/tvc16.com\/portal\/?p=15417"},"modified":"2021-06-02T18:50:14","modified_gmt":"2021-06-02T21:50:14","slug":"skate-tres-brasileiras-avancam-a-semifinal-do-mundial-de-street","status":"publish","type":"post","link":"https:\/\/tvc16.com\/portal\/2021\/06\/02\/skate-tres-brasileiras-avancam-a-semifinal-do-mundial-de-street\/","title":{"rendered":"Skate: tr\u00eas brasileiras avan\u00e7am \u00e0 semifinal do Mundial de Street"},"content":{"rendered":"\n<h3 class=\"wp-block-heading\">Virginia Aguas, Isabelly \u00c1vila e Ariadne Souza se classificaram<\/h3>\n\n\n\n<h4 class=\"wp-block-heading\"> Por Juliano Justo &#8211; Rep\u00f3rter da TV Brasil e da R\u00e1dio Nacional &#8211; S\u00e3o Paulo<\/h4>\n\n\n\n<figure class=\"wp-block-image\"><img decoding=\"async\" src=\"https:\/\/agenciabrasil.ebc.com.br\/ebc.png?id=1411540&amp;o=node\" alt=\"\"\/><\/figure>\n\n\n\n<figure class=\"wp-block-image\"><img decoding=\"async\" src=\"https:\/\/agenciabrasil.ebc.com.br\/ebc.gif?id=1411540&amp;o=node\" alt=\"\"\/><\/figure>\n\n\n\n<p>Nesta&nbsp;<img decoding=\"async\" src=\"https:\/\/agenciabrasil.ebc.com.br\/ebc.png?id=1411540&amp;o=node\"><img decoding=\"async\" src=\"https:\/\/agenciabrasil.ebc.com.br\/ebc.gif?id=1411540&amp;o=node\">quarta-feira (2), o skate brasileiro come\u00e7ou as disputas do Mundial de Street, em Roma (ITA), no complexo esportivo do Foro It\u00e1lico. Virginia Fortes Aguas (10\u00aa), Isabelly \u00c1vila (19\u00aa) e Ariadne Souza (21\u00aa) ficaram entre as 27 melhores na fase classificat\u00f3ria, que contou com duas voltas de 45 segundos (valendo a melhor nota), e avan\u00e7aram \u00e0 semifinal do torneio. Nessa etapa, o trio se junta a P\u00e2mela Rosa, Rayssa Leal e Leticia Bufoni &#8211; pr\u00e9-classificadas por estarem no top 5 do ranking mundial.<\/p>\n\n\n\n<p>A primeira brasileira a ir para a pista foi Ariadne Souza. Na&nbsp;<img decoding=\"async\" src=\"https:\/\/agenciabrasil.ebc.com.br\/ebc.png?id=1411540&amp;o=node\"><img decoding=\"async\" src=\"https:\/\/agenciabrasil.ebc.com.br\/ebc.gif?id=1411540&amp;o=node\">segunda&nbsp;<img decoding=\"async\" src=\"https:\/\/agenciabrasil.ebc.com.br\/ebc.png?id=1411540&amp;o=node\"><img decoding=\"async\" src=\"https:\/\/agenciabrasil.ebc.com.br\/ebc.gif?id=1411540&amp;o=node\">volta, ela cravou a melhor nota, com 16.18. Logo na sequ\u00eancia, na bateria 5, foi a vez de Isabelly \u00c1vila e Virginia Fortes Aguas. Na primeira volta, a dupla garantiu pontua\u00e7\u00e3o suficiente para avan\u00e7ar, com 18.03 e 25.76, respectivamente. \u201c\u00c9 uma cidade bem legal. A pista \u00e9 muito boa. Eu consegui acertar a primeira linha. Ent\u00e3o, acho que foi bem legal e as meninas andaram muito bem tamb\u00e9m\u201d, destaca Virginia Fortes Aguas \u00e0 equipe de assessores da Confedera\u00e7\u00e3o Brasileira da modalidade (CBSK). A semifinal feminina acontece&nbsp;<img decoding=\"async\" src=\"https:\/\/agenciabrasil.ebc.com.br\/ebc.png?id=1411540&amp;o=node\"><img decoding=\"async\" src=\"https:\/\/agenciabrasil.ebc.com.br\/ebc.gif?id=1411540&amp;o=node\">sexta-feira (4), a partir das 7h (hor\u00e1rio de Bras\u00edlia), com transmiss\u00e3o ao vivo pela internet.&nbsp;<img decoding=\"async\" src=\"https:\/\/agenciabrasil.ebc.com.br\/ebc.png?id=1411540&amp;o=node\"><img decoding=\"async\" src=\"https:\/\/agenciabrasil.ebc.com.br\/ebc.gif?id=1411540&amp;o=node\">&nbsp;<img decoding=\"async\" src=\"https:\/\/agenciabrasil.ebc.com.br\/ebc.png?id=1411540&amp;o=node\"><img decoding=\"async\" src=\"https:\/\/agenciabrasil.ebc.com.br\/ebc.gif?id=1411540&amp;o=node\"><a href=\"http:\/\/www.worldskate.tv%20e%20olympics.com\/\">www.worldskate.tv&nbsp;e olympics.com<\/a><\/p>\n\n\n\n<p>No naipe masculino, a etapa classificat\u00f3ria&nbsp;<img decoding=\"async\" src=\"https:\/\/agenciabrasil.ebc.com.br\/ebc.png?id=1411540&amp;o=node\"><img decoding=\"async\" src=\"https:\/\/agenciabrasil.ebc.com.br\/ebc.gif?id=1411540&amp;o=node\">ocorre nesta&nbsp;<img decoding=\"async\" src=\"https:\/\/agenciabrasil.ebc.com.br\/ebc.png?id=1411540&amp;o=node\"><img decoding=\"async\" src=\"https:\/\/agenciabrasil.ebc.com.br\/ebc.gif?id=1411540&amp;o=node\">quinta-feira (3). O Brasil ser\u00e1 representado por Carlos Ribeiro, Felipe Gustavo, Lucas Rabelo, Giovanni Vianna, Jo\u00e3o Lucas Alves, Gabryel Aguilar, Eduardo Neves, Gabriel Fortunato e Ivan Monteiro. O in\u00edcio das provas est\u00e1 previsto para 3h20 da manh\u00e3 no Brasil. Assim como no feminino, avan\u00e7am para a semifinal os 27 melhores. E Kelvin Hoefler, top 5 do ranking mundial, j\u00e1 tem lugar garantido nas semifinais. O torneio segue at\u00e9&nbsp;<img decoding=\"async\" src=\"https:\/\/agenciabrasil.ebc.com.br\/ebc.png?id=1411540&amp;o=node\"><img decoding=\"async\" src=\"https:\/\/agenciabrasil.ebc.com.br\/ebc.gif?id=1411540&amp;o=node\">domingo&nbsp;<img decoding=\"async\" src=\"https:\/\/agenciabrasil.ebc.com.br\/ebc.png?id=1411540&amp;o=node\"><img decoding=\"async\" src=\"https:\/\/agenciabrasil.ebc.com.br\/ebc.gif?id=1411540&amp;o=node\">(06). A decis\u00e3o do feminino est\u00e1 prevista para come\u00e7ar \u00e0s 8h30 da manh\u00e3 e do masculino, \u00e0s 10h40 da manh\u00e3.<\/p>\n\n\n\n<p>Edi\u00e7\u00e3o: Marcio Parente<\/p>\n","protected":false},"excerpt":{"rendered":"<p>Virginia Aguas, Isabelly \u00c1vila e Ariadne Souza se classificaram Por Juliano Justo &#8211; Rep\u00f3rter da<\/p>\n","protected":false},"author":2,"featured_media":15418,"comment_status":"open","ping_status":"open","sticky":false,"template":"","format":"standard","meta":{"footnotes":""},"categories":[17],"tags":[],"class_list":["post-15417","post","type-post","status-publish","format-standard","has-post-thumbnail","hentry","category-outras-noticias"],"_links":{"self":[{"href":"https:\/\/tvc16.com\/portal\/wp-json\/wp\/v2\/posts\/15417","targetHints":{"allow":["GET"]}}],"collection":[{"href":"https:\/\/tvc16.com\/portal\/wp-json\/wp\/v2\/posts"}],"about":[{"href":"https:\/\/tvc16.com\/portal\/wp-json\/wp\/v2\/types\/post"}],"author":[{"embeddable":true,"href":"https:\/\/tvc16.com\/portal\/wp-json\/wp\/v2\/users\/2"}],"replies":[{"embeddable":true,"href":"https:\/\/tvc16.com\/portal\/wp-json\/wp\/v2\/comments?post=15417"}],"version-history":[{"count":1,"href":"https:\/\/tvc16.com\/portal\/wp-json\/wp\/v2\/posts\/15417\/revisions"}],"predecessor-version":[{"id":15419,"href":"https:\/\/tvc16.com\/portal\/wp-json\/wp\/v2\/posts\/15417\/revisions\/15419"}],"wp:featuredmedia":[{"embeddable":true,"href":"https:\/\/tvc16.com\/portal\/wp-json\/wp\/v2\/media\/15418"}],"wp:attachment":[{"href":"https:\/\/tvc16.com\/portal\/wp-json\/wp\/v2\/media?parent=15417"}],"wp:term":[{"taxonomy":"category","embeddable":true,"href":"https:\/\/tvc16.com\/portal\/wp-json\/wp\/v2\/categories?post=15417"},{"taxonomy":"post_tag","embeddable":true,"href":"https:\/\/tvc16.com\/portal\/wp-json\/wp\/v2\/tags?post=15417"}],"curies":[{"name":"wp","href":"https:\/\/api.w.org\/{rel}","templated":true}]}}