{"id":15420,"date":"2021-06-02T18:51:46","date_gmt":"2021-06-02T21:51:46","guid":{"rendered":"https:\/\/tvc16.com\/portal\/?p=15420"},"modified":"2021-06-02T18:51:48","modified_gmt":"2021-06-02T21:51:48","slug":"hospital-em-sp-investiga-caso-de-mucormicose-em-paciente-com-covid-19","status":"publish","type":"post","link":"https:\/\/tvc16.com\/portal\/2021\/06\/02\/hospital-em-sp-investiga-caso-de-mucormicose-em-paciente-com-covid-19\/","title":{"rendered":"Hospital em SP investiga caso de mucormicose em paciente com covid-19"},"content":{"rendered":"\n<h3 class=\"wp-block-heading\">Doen\u00e7a acomete pacientes com baixa imunidade<\/h3>\n\n\n\n<h4 class=\"wp-block-heading\">Por Elaine Patricia Cruz \u2013 Rep\u00f3rter da Ag\u00eancia Brasil &#8211; S\u00e3o Paulo<\/h4>\n\n\n\n<p>O Hospital das Cl\u00ednicas da Faculdade de Medicina da Universidade de S\u00e3o Paulo est\u00e1 investigando um caso de mucormicose em um paciente de cerca de 30 anos de idade com hist\u00f3rico de covid-19.<img decoding=\"async\" src=\"https:\/\/agenciabrasil.ebc.com.br\/ebc.png?id=1411544&amp;o=node\"><img decoding=\"async\" src=\"https:\/\/agenciabrasil.ebc.com.br\/ebc.gif?id=1411544&amp;o=node\"><\/p>\n\n\n\n<p>A mucormicose \u00e9 uma infec\u00e7\u00e3o rara, provocada por um fungo, e tem acometido milhares de pacientes com coronav\u00edrus na \u00cdndia. Esse fungo \u00e9 encontrado, principalmente, em lugares quentes e \u00famidos. A doen\u00e7a n\u00e3o \u00e9 contagiosa, ou seja, n\u00e3o \u00e9 transmitida de pessoa a pessoa.<\/p>\n\n\n\n<p>Segundo o Centro de Controle e Preven\u00e7\u00e3o de Doen\u00e7as dos Estados Unidos (CDC), a doen\u00e7a afeta principalmente pessoas que t\u00eam problemas de sa\u00fade ou tomam medicamentos que diminuem a capacidade do corpo de combater germes e doen\u00e7as.&nbsp;<\/p>\n\n\n\n<p>\u201c\u00c9 uma doen\u00e7a causada por um fungo, felizmente incomum no nosso pa\u00eds, embora tenhamos ocorr\u00eancias de casos. \u00c9 uma doen\u00e7a muito grave e que acomete, em especial, pacientes com baixa imunidade. Infelizmente, o fato de se usar corticoides em altas doses acaba provocando ocorr\u00eancia com um ou outro paciente\u201d, explicou hoje (2) o secret\u00e1rio estadual da Sa\u00fade de S\u00e3o Paulo, Jean Gorinchteyn.<\/p>\n\n\n\n<p>Ontem (1\u00ba) um caso de mucormicose foi confirmado em Manaus pela Funda\u00e7\u00e3o de Medicina Tropical Dr. Heitor Vieira Dourado (FMT-HVD). Segundo a funda\u00e7\u00e3o, o paciente era um homem de 56 anos, residente em Manaus, com hist\u00f3rico de diabetes tipo 2. Esse paciente foi internado no dia 12 de abril e morreu quatro dias depois no Hospital e Pronto-Socorro Jo\u00e3o L\u00facio.<\/p>\n\n\n\n<p>Ele havia recebido a primeira dose da CoronaVac, vacina contra a covid-19, no dia 1\u00ba de abril. Dias depois, j\u00e1 apresentou sintomas gripais. O teste de RT-PCR n\u00e3o detectou covid-19. Esse paciente apresentou tamb\u00e9m um prurido no olho direito, que evoluiu para uma infec\u00e7\u00e3o local. Ap\u00f3s a confirma\u00e7\u00e3o do caso, um alerta foi emitido para os m\u00e9dicos que atendem pacientes com covid-19 e diabetes no estado&nbsp;do Amazonas.<\/p>\n\n\n\n<p>Edi\u00e7\u00e3o: L\u00edlian Beraldo<\/p>\n","protected":false},"excerpt":{"rendered":"<p>Doen\u00e7a acomete pacientes com baixa imunidade Por Elaine Patricia Cruz \u2013 Rep\u00f3rter da Ag\u00eancia Brasil<\/p>\n","protected":false},"author":2,"featured_media":15421,"comment_status":"open","ping_status":"open","sticky":false,"template":"","format":"standard","meta":{"footnotes":""},"categories":[17],"tags":[],"class_list":["post-15420","post","type-post","status-publish","format-standard","has-post-thumbnail","hentry","category-outras-noticias"],"_links":{"self":[{"href":"https:\/\/tvc16.com\/portal\/wp-json\/wp\/v2\/posts\/15420","targetHints":{"allow":["GET"]}}],"collection":[{"href":"https:\/\/tvc16.com\/portal\/wp-json\/wp\/v2\/posts"}],"about":[{"href":"https:\/\/tvc16.com\/portal\/wp-json\/wp\/v2\/types\/post"}],"author":[{"embeddable":true,"href":"https:\/\/tvc16.com\/portal\/wp-json\/wp\/v2\/users\/2"}],"replies":[{"embeddable":true,"href":"https:\/\/tvc16.com\/portal\/wp-json\/wp\/v2\/comments?post=15420"}],"version-history":[{"count":1,"href":"https:\/\/tvc16.com\/portal\/wp-json\/wp\/v2\/posts\/15420\/revisions"}],"predecessor-version":[{"id":15422,"href":"https:\/\/tvc16.com\/portal\/wp-json\/wp\/v2\/posts\/15420\/revisions\/15422"}],"wp:featuredmedia":[{"embeddable":true,"href":"https:\/\/tvc16.com\/portal\/wp-json\/wp\/v2\/media\/15421"}],"wp:attachment":[{"href":"https:\/\/tvc16.com\/portal\/wp-json\/wp\/v2\/media?parent=15420"}],"wp:term":[{"taxonomy":"category","embeddable":true,"href":"https:\/\/tvc16.com\/portal\/wp-json\/wp\/v2\/categories?post=15420"},{"taxonomy":"post_tag","embeddable":true,"href":"https:\/\/tvc16.com\/portal\/wp-json\/wp\/v2\/tags?post=15420"}],"curies":[{"name":"wp","href":"https:\/\/api.w.org\/{rel}","templated":true}]}}