{"id":15423,"date":"2021-06-02T18:52:31","date_gmt":"2021-06-02T21:52:31","guid":{"rendered":"https:\/\/tvc16.com\/portal\/?p=15423"},"modified":"2021-06-02T18:52:33","modified_gmt":"2021-06-02T21:52:33","slug":"stf-adia-decisao-sobre-uso-de-delacao-em-acoes-de-improbidade","status":"publish","type":"post","link":"https:\/\/tvc16.com\/portal\/2021\/06\/02\/stf-adia-decisao-sobre-uso-de-delacao-em-acoes-de-improbidade\/","title":{"rendered":"STF adia decis\u00e3o sobre uso de dela\u00e7\u00e3o em a\u00e7\u00f5es de improbidade"},"content":{"rendered":"\n<h3 class=\"wp-block-heading\">N\u00e3o h\u00e1 data para retomada da discuss\u00e3o<\/h3>\n\n\n\n<h4 class=\"wp-block-heading\">Por Andr\u00e9 Richter &#8211; Rep\u00f3rter da Ag\u00eancia Brasil &#8211; Bras\u00edlia<\/h4>\n\n\n\n<p>O Supremo Tribunal Federal (STF) adiou hoje (2) a conclus\u00e3o do julgamento sobre a validade de acordos de dela\u00e7\u00e3o premiada nas a\u00e7\u00f5es civis por improbidade administrativa. Ap\u00f3s quatro votos pelo uso dos acordos nessas investiga\u00e7\u00f5es, o ministro Dias Toffoli pediu vista do processo. N\u00e3o h\u00e1 data para retomada da discuss\u00e3o.&nbsp;<img decoding=\"async\" src=\"https:\/\/agenciabrasil.ebc.com.br\/ebc.png?id=1411547&amp;o=node\"><img decoding=\"async\" src=\"https:\/\/agenciabrasil.ebc.com.br\/ebc.gif?id=1411547&amp;o=node\"><\/p>\n\n\n\n<p>O caso chegou ao Supremo por meio de um recurso protocolado por um dos investigados na Opera\u00e7\u00e3o Publicano, investiga\u00e7\u00e3o da Pol\u00edcia Civil do Paran\u00e1 que apurou um esquema de corrup\u00e7\u00e3o e recebimento de propina na Receita estadual, no munic\u00edpio de Londrina.<\/p>\n\n\n\n<p>A defesa do auditor fiscal recorreu ao Supremo para barrar a utiliza\u00e7\u00e3o da colabora\u00e7\u00e3o premiada em uma a\u00e7\u00e3o de improbidade contra ele. Os advogados questionaram o alargamento das acusa\u00e7\u00f5es penais da dela\u00e7\u00e3o para o campo c\u00edvel.<\/p>\n\n\n\n<p>A reda\u00e7\u00e3o original da Lei 8.429\/1992 impedia a realiza\u00e7\u00e3o dos acordos. No entanto, a Lei 13.964\/2019 (Pacote Anticrime) alterou a norma e permitiu o uso das colabora\u00e7\u00f5es na a\u00e7\u00e3o de improbidade.&nbsp;&nbsp;<\/p>\n\n\n\n<h2 class=\"wp-block-heading\">Votos<\/h2>\n\n\n\n<p>Ao proferir voto sobre a quest\u00e3o, o ministro Alexandre de Moraes, relator do caso, votou pela legalidade do uso do acordo nos processos de improbidade. Segundo o ministro, a altera\u00e7\u00e3o na lei buscou obter resultado real ao combate \u00e0 corrup\u00e7\u00e3o e \u00e0 improbidade administrativa.&nbsp;<\/p>\n\n\n\n<p>\u201c\u00c9 poss\u00edvel colabora\u00e7\u00e3o premiada no crime, com pessoa jur\u00eddica, que nada mais \u00e9 uma leni\u00eancia, s\u00f3 que n\u00e3o \u00e9 poss\u00edvel estender efeitos da colabora\u00e7\u00e3o premiada para pessoa f\u00edsica?&#8221;, questionou.&nbsp;<\/p>\n\n\n\n<p>Os ministros Edson Fachin, Lu\u00eds Roberto Barroso e Rosa Weber acompanharam o voto do relator.&nbsp;<\/p>\n\n\n\n<p>Durante o julgamento, o procurador-geral da Rep\u00fablica, Augusto Aras, afirmou que a altera\u00e7\u00e3o na lei garantiu a utiliza\u00e7\u00e3o dos acordos no \u00e2mbito c\u00edvel e que a atua\u00e7\u00e3o do Minist\u00e9rio P\u00fablico n\u00e3o pode ser restringida.&nbsp;<\/p>\n\n\n\n<p>\u201cO ato de improbidade administrativa constitui ineg\u00e1vel ofensa ao patrim\u00f4nio p\u00fablico, \u00e0 moralidade e aos demais princ\u00edpios norteadores da administra\u00e7\u00e3o p\u00fablica. Acordos de colabora\u00e7\u00e3o contribuem para o desmantelamento das fraudes e atos de corrup\u00e7\u00e3o perpetrados contra o Estado, acordos esse firmados na defesa do interesse p\u00fablico e objetivando a responsabiliza\u00e7\u00e3o de atos de corrup\u00e7\u00e3o\u201d, disse.&nbsp;<\/p>\n\n\n\n<p>Edi\u00e7\u00e3o: Denise Griesinger<\/p>\n","protected":false},"excerpt":{"rendered":"<p>N\u00e3o h\u00e1 data para retomada da discuss\u00e3o Por Andr\u00e9 Richter &#8211; Rep\u00f3rter da Ag\u00eancia Brasil<\/p>\n","protected":false},"author":2,"featured_media":15424,"comment_status":"open","ping_status":"open","sticky":false,"template":"","format":"standard","meta":{"footnotes":""},"categories":[17],"tags":[],"class_list":["post-15423","post","type-post","status-publish","format-standard","has-post-thumbnail","hentry","category-outras-noticias"],"_links":{"self":[{"href":"https:\/\/tvc16.com\/portal\/wp-json\/wp\/v2\/posts\/15423","targetHints":{"allow":["GET"]}}],"collection":[{"href":"https:\/\/tvc16.com\/portal\/wp-json\/wp\/v2\/posts"}],"about":[{"href":"https:\/\/tvc16.com\/portal\/wp-json\/wp\/v2\/types\/post"}],"author":[{"embeddable":true,"href":"https:\/\/tvc16.com\/portal\/wp-json\/wp\/v2\/users\/2"}],"replies":[{"embeddable":true,"href":"https:\/\/tvc16.com\/portal\/wp-json\/wp\/v2\/comments?post=15423"}],"version-history":[{"count":1,"href":"https:\/\/tvc16.com\/portal\/wp-json\/wp\/v2\/posts\/15423\/revisions"}],"predecessor-version":[{"id":15425,"href":"https:\/\/tvc16.com\/portal\/wp-json\/wp\/v2\/posts\/15423\/revisions\/15425"}],"wp:featuredmedia":[{"embeddable":true,"href":"https:\/\/tvc16.com\/portal\/wp-json\/wp\/v2\/media\/15424"}],"wp:attachment":[{"href":"https:\/\/tvc16.com\/portal\/wp-json\/wp\/v2\/media?parent=15423"}],"wp:term":[{"taxonomy":"category","embeddable":true,"href":"https:\/\/tvc16.com\/portal\/wp-json\/wp\/v2\/categories?post=15423"},{"taxonomy":"post_tag","embeddable":true,"href":"https:\/\/tvc16.com\/portal\/wp-json\/wp\/v2\/tags?post=15423"}],"curies":[{"name":"wp","href":"https:\/\/api.w.org\/{rel}","templated":true}]}}