{"id":15475,"date":"2021-06-03T14:22:11","date_gmt":"2021-06-03T17:22:11","guid":{"rendered":"https:\/\/tvc16.com\/portal\/?p=15475"},"modified":"2021-06-03T14:22:13","modified_gmt":"2021-06-03T17:22:13","slug":"campanha-fazer-o-bem-faz-bem-ja-arrecadou-mais-de-uma-tonelada-de-alimentos-e-centenas-de-itens-de-higiene-pessoal","status":"publish","type":"post","link":"https:\/\/tvc16.com\/portal\/2021\/06\/03\/campanha-fazer-o-bem-faz-bem-ja-arrecadou-mais-de-uma-tonelada-de-alimentos-e-centenas-de-itens-de-higiene-pessoal\/","title":{"rendered":"Campanha \u201cFazer o bem faz bem\u201d j\u00e1 arrecadou mais de uma tonelada de alimentos e centenas de itens de higiene pessoal"},"content":{"rendered":"\n<p>A campanha &#8220;Fazer o bem faz bem&#8221;, criada pela Prefeitura atrav\u00e9s da Secretaria de Assist\u00eancia Social para arrecadar alimentos e itens de higiene pessoal para pessoas em situa\u00e7\u00e3o de vulnerabilidade social, j\u00e1 arrecadou uma tonelada de itens n\u00e3o perec\u00edveis e centenas de materiais de higiene pessoal. Os donativos podem ser entregues em postos de vacina\u00e7\u00e3o contra a covid-19 e tamb\u00e9m em mercados participantes da campanha.&nbsp;<\/p>\n\n\n\n<p>Pessoas que comparecem \u00e0s unidades para receberem a vacina s\u00e3o incentivadas a fazer a doa\u00e7\u00e3o de um quilo de alimento n\u00e3o perec\u00edvel ou \u00e1lcool em gel, sab\u00e3o e produtos de higiene. Al\u00e9m disso, supermercados no munic\u00edpio t\u00eam pontos de coleta da campanha.<\/p>\n\n\n\n<p>O prefeito interino, Hingo Hammes, ressaltou a import\u00e2ncia da a\u00e7\u00e3o. \u201c\u00c9 uma iniciativa que estimula a popula\u00e7\u00e3o a se engajar nas a\u00e7\u00f5es de ajudar o pr\u00f3ximo, num esfor\u00e7o para mitigar os efeitos da pandemia na popula\u00e7\u00e3o. A campanha tem sensibilizado muita gente. \u00c9 um momento de unirmos for\u00e7as para ajudar o pr\u00f3ximo\u201d, disse ele.<\/p>\n\n\n\n<p>De fato, os petropolitanos t\u00eam participado da campanha, que completou recentemente um m\u00eas. V\u00e2nia Carvalho Santana Ramos, de 38 anos, foi nesta quarta-feira (2) tomar a primeira dose da vacina. \u201cAcredito que os petropolitanos est\u00e3o realmente dispostos a ajudar quem precisa. Se me proporcionaram o direito e a felicidade de vacinar, me sinto na obriga\u00e7\u00e3o de ajudar o outro, de matar a fome de quem precisa\u201d, frisou ela.<\/p>\n\n\n\n<p>Nos 10 postos de vacina\u00e7\u00e3o com recolhimentos de donativos e nos supermercados foram arrecadados, at\u00e9 ontem, cerca de uma tonelada e 200 em alimentos, al\u00e9m de artigos de higiene pessoal. S\u00f3 em um dos postos, no Hipershopping ABC, no Alto da Serra, foram quase 300 quilos recebidos.&nbsp;&nbsp;<\/p>\n\n\n\n<p>De acordo com a secret\u00e1ria de assist\u00eancia social, Rosane Borsato, nos pr\u00f3ximos dias ser\u00e3o anunciadas as primeiras institui\u00e7\u00f5es que receber\u00e3o as doa\u00e7\u00f5es.&nbsp;\u201c A campanha tem uma import\u00e2ncia enorme para a popula\u00e7\u00e3o que vive um per\u00edodo de dificuldades. \u00c9 uma campanha que visa estimular a solidariedade entre os petropolitanos, aliviando o sofrimento e ao mesmo tempo estimulando o coletivismo da comunidade em prol da prote\u00e7\u00e3o aos mais vulner\u00e1veis\u201d, declarou ela.<\/p>\n\n\n\n<p>S\u00e3o postos de recolhimento de donativos os postos de vacina\u00e7\u00e3o: No distrito da Posse, no antigo PSF (em frente ao Ciep Gabriela Mistral); drive-thru no estacionamento do Hipershopping Petr\u00f3polis, no Alto da Serra; Clube Palmeira, no Itamarati; nas Unidades B\u00e1sicas de Sa\u00fade (UBSs) do Morin e Quitandinha; Esporte Clube Correas, em Corr\u00eaas; na sede do Petropolitano Futebol Clube, no Centro; drive-thru no Parque Municipal em Itaipava; Campus da UCP na Rua Benjamim Constant, no Centro e na \u00e1rea ao lado da quadra da UCP, no Bingen. Nestes pontos a vacina\u00e7\u00e3o acontece sempre de segunda a s\u00e1bado das 9h \u00e0s 16h.<\/p>\n\n\n\n<p>Os mercados tamb\u00e9m est\u00e3o recolhendo os donativos: Ter\u00ea Frutas na Paulo Barbosa, Alto da Serra, Cascatinha e da Pra\u00e7a da Inconfid\u00eancia; Supermarket (Centro e Quitandinha); Dib Distribuidora (Corr\u00eaas, Centro, Olavo Bilac e Cascatinha); Rede Economia (Bingen) e Multimix (Centro e Itaipava). A Casa da Cidadania tamb\u00e9m recebe as doa\u00e7\u00f5es em sua sede, na rua Visconde de Souza Franco, 474, de segunda a sexta-feira, das 10h \u00e0s 16h.<\/p>\n","protected":false},"excerpt":{"rendered":"<p>A campanha &#8220;Fazer o bem faz bem&#8221;, criada pela Prefeitura atrav\u00e9s da Secretaria de Assist\u00eancia<\/p>\n","protected":false},"author":2,"featured_media":15476,"comment_status":"open","ping_status":"open","sticky":false,"template":"","format":"standard","meta":{"footnotes":""},"categories":[12],"tags":[],"class_list":["post-15475","post","type-post","status-publish","format-standard","has-post-thumbnail","hentry","category-cidade"],"_links":{"self":[{"href":"https:\/\/tvc16.com\/portal\/wp-json\/wp\/v2\/posts\/15475","targetHints":{"allow":["GET"]}}],"collection":[{"href":"https:\/\/tvc16.com\/portal\/wp-json\/wp\/v2\/posts"}],"about":[{"href":"https:\/\/tvc16.com\/portal\/wp-json\/wp\/v2\/types\/post"}],"author":[{"embeddable":true,"href":"https:\/\/tvc16.com\/portal\/wp-json\/wp\/v2\/users\/2"}],"replies":[{"embeddable":true,"href":"https:\/\/tvc16.com\/portal\/wp-json\/wp\/v2\/comments?post=15475"}],"version-history":[{"count":1,"href":"https:\/\/tvc16.com\/portal\/wp-json\/wp\/v2\/posts\/15475\/revisions"}],"predecessor-version":[{"id":15477,"href":"https:\/\/tvc16.com\/portal\/wp-json\/wp\/v2\/posts\/15475\/revisions\/15477"}],"wp:featuredmedia":[{"embeddable":true,"href":"https:\/\/tvc16.com\/portal\/wp-json\/wp\/v2\/media\/15476"}],"wp:attachment":[{"href":"https:\/\/tvc16.com\/portal\/wp-json\/wp\/v2\/media?parent=15475"}],"wp:term":[{"taxonomy":"category","embeddable":true,"href":"https:\/\/tvc16.com\/portal\/wp-json\/wp\/v2\/categories?post=15475"},{"taxonomy":"post_tag","embeddable":true,"href":"https:\/\/tvc16.com\/portal\/wp-json\/wp\/v2\/tags?post=15475"}],"curies":[{"name":"wp","href":"https:\/\/api.w.org\/{rel}","templated":true}]}}