{"id":15487,"date":"2021-06-03T17:05:06","date_gmt":"2021-06-03T20:05:06","guid":{"rendered":"https:\/\/tvc16.com\/portal\/?p=15487"},"modified":"2021-06-03T17:05:08","modified_gmt":"2021-06-03T20:05:08","slug":"homem-acusado-de-estuprar-crianca-de-11-anos-e-preso","status":"publish","type":"post","link":"https:\/\/tvc16.com\/portal\/2021\/06\/03\/homem-acusado-de-estuprar-crianca-de-11-anos-e-preso\/","title":{"rendered":"Homem acusado de estuprar crian\u00e7a de 11 anos \u00e9 preso"},"content":{"rendered":"\n<p>Hoje (03) Policiais Civis e Militares prenderam um homem acusado de estupro de vulner\u00e1vel. O crime ocorreu no dia 21 de julho do ano passado, contra uma crian\u00e7a de apenas 11 anos, na localidade da Ponte de Ferro. O suspeito foi detido na Rua Dr. Jo\u00e3o Barcelos, no Quissam\u00e3, em raz\u00e3o do cumprimento a um mandado de pris\u00e3o. Ele foi levado para a 106\u00aa Delegacia de Pol\u00edcia (DP), onde est\u00e1 a disposi\u00e7\u00e3o da justi\u00e7a.<\/p>\n","protected":false},"excerpt":{"rendered":"<p>Hoje (03) Policiais Civis e Militares prenderam um homem acusado de estupro de vulner\u00e1vel. O<\/p>\n","protected":false},"author":2,"featured_media":15489,"comment_status":"open","ping_status":"open","sticky":false,"template":"","format":"standard","meta":{"footnotes":""},"categories":[12],"tags":[],"class_list":["post-15487","post","type-post","status-publish","format-standard","has-post-thumbnail","hentry","category-cidade"],"_links":{"self":[{"href":"https:\/\/tvc16.com\/portal\/wp-json\/wp\/v2\/posts\/15487","targetHints":{"allow":["GET"]}}],"collection":[{"href":"https:\/\/tvc16.com\/portal\/wp-json\/wp\/v2\/posts"}],"about":[{"href":"https:\/\/tvc16.com\/portal\/wp-json\/wp\/v2\/types\/post"}],"author":[{"embeddable":true,"href":"https:\/\/tvc16.com\/portal\/wp-json\/wp\/v2\/users\/2"}],"replies":[{"embeddable":true,"href":"https:\/\/tvc16.com\/portal\/wp-json\/wp\/v2\/comments?post=15487"}],"version-history":[{"count":1,"href":"https:\/\/tvc16.com\/portal\/wp-json\/wp\/v2\/posts\/15487\/revisions"}],"predecessor-version":[{"id":15490,"href":"https:\/\/tvc16.com\/portal\/wp-json\/wp\/v2\/posts\/15487\/revisions\/15490"}],"wp:featuredmedia":[{"embeddable":true,"href":"https:\/\/tvc16.com\/portal\/wp-json\/wp\/v2\/media\/15489"}],"wp:attachment":[{"href":"https:\/\/tvc16.com\/portal\/wp-json\/wp\/v2\/media?parent=15487"}],"wp:term":[{"taxonomy":"category","embeddable":true,"href":"https:\/\/tvc16.com\/portal\/wp-json\/wp\/v2\/categories?post=15487"},{"taxonomy":"post_tag","embeddable":true,"href":"https:\/\/tvc16.com\/portal\/wp-json\/wp\/v2\/tags?post=15487"}],"curies":[{"name":"wp","href":"https:\/\/api.w.org\/{rel}","templated":true}]}}