{"id":15491,"date":"2021-06-04T14:20:14","date_gmt":"2021-06-04T17:20:14","guid":{"rendered":"https:\/\/tvc16.com\/portal\/?p=15491"},"modified":"2021-06-04T14:20:16","modified_gmt":"2021-06-04T17:20:16","slug":"ambientalistas-de-nova-iguacu-visitam-petropolis-em-busca-de-experiencias-e-intercambio-no-segmento","status":"publish","type":"post","link":"https:\/\/tvc16.com\/portal\/2021\/06\/04\/ambientalistas-de-nova-iguacu-visitam-petropolis-em-busca-de-experiencias-e-intercambio-no-segmento\/","title":{"rendered":"Ambientalistas de Nova Igua\u00e7u visitam Petr\u00f3polis em busca de experi\u00eancias e interc\u00e2mbio no segmento"},"content":{"rendered":"\n<p>Representantes da Secretaria de Meio Ambiente do munic\u00edpio de Nova Igua\u00e7u estiveram em Petr\u00f3polis nesta quinta-feira (03\/06), em busca de informa\u00e7\u00f5es sobre a gest\u00e3o ambiental dos parques e unidades de conserva\u00e7\u00e3o situadas nos limites territoriais da cidade. Eles foram recebidos pelo Secret\u00e1rio de Meio Ambiente, Edmardo Campbell, no Parque Natural Municipal de Petr\u00f3polis, na Avenida Ipiranga, onde fizeram um visita t\u00e9cnica pelas insta\u00e7\u00f5es e trilhas do equipamento.<\/p>\n\n\n\n<p>O parque foi recentemente reformado, tendo recebido uma s\u00e9rie de melhorias no p\u00f3rtico de entrada, pintura das salas de apoio para aos servidores e \u00e0 Guarda Civil Municipal, assim como limpeza dos caminhos, trilhas e pra\u00e7as. &#8220;O mais importante \u00e9 que hoje temos um espa\u00e7o que atende ao p\u00fablico com conforto, e oferece op\u00e7\u00f5es de atividades esportivas e de lazer para pessoas de todas as idades&#8221;, ressalta o prefeito interino Hingo Hammes, destacando a import\u00e2ncia da troca de experi\u00eancias entre os munic\u00edpios.<\/p>\n\n\n\n<p>&#8220;Esse interc\u00e2mbio \u00e9 muito importante para as duas cidades. Eles vieram aqui conhecer um pouco do nosso trabalho, que vem conquistando resultados muito positivos nesses primeiros cinco meses, e em contrapartida, n\u00f3s ficamos tamb\u00e9m entendendo um pouco da gest\u00e3o ambiental de Nova Igua\u00e7u, um cidade com um popula\u00e7\u00e3o tr\u00eas vezes maior que a nossa&#8221;, destacou o Secret\u00e1rio, que falou tamb\u00e9m das parcerias privadas que tem sido feitas no mun\u00edcipio, buscando solu\u00e7\u00f5es para os projetos implementados por empresas e a obten\u00e7\u00e3o, por meio de compensa\u00e7\u00f5es, de recursos para a \u00e1rea do meio ambiente, o que tem chamado a aten\u00e7\u00e3o de outros munic\u00edpios do estado.<\/p>\n\n\n\n<p>A comiss\u00e3o de ambientalistas da Baixada Fluminense que veio a Petr\u00f3polis era formada por Jos\u00e9 Arnaldo dos Anjos de Oliveira, Superintendente de Meio Ambiente; Edgar Martins, Diretor T\u00e9cnico e Chefe do Parque Natural Municipal de Nova Igua\u00e7u; Marcela Diniz, coordenadora de gest\u00e3o das \u00c1reas Protegidas e Biodiversidade; e Karla Romeiro, Assessora da Coordena\u00e7\u00e3o de Gestao Ambiental.<\/p>\n\n\n\n<p>O superintendente de Meio Ambiente de Nova Igua\u00e7u elogiou o trabalho realizado em Petr\u00f3polis. &#8220;Realmente este espa\u00e7o \u00e9 um modelo de unidade de conserva\u00e7\u00e3o em todos os seus aspectos, muito bem conservado com suas trilhas, jardinagem e essa iniciativa pioneira de fazer o mapeamento do p\u00fablico visitante atrav\u00e9s do sistema de QR Code instalado na entrada&#8221;, disse Jos\u00e9 Arnaldo, referindo-se ao Parque Natural de Petr\u00f3polis.<\/p>\n\n\n\n<p>A visita foi acompanhada pelo coordenador do equipamento, Anderson Maverick, que mostrou todo o espa\u00e7o p\u00fablico aos ambientalistas, apresentando as placas indicativas com a presen\u00e7a dos p\u00e1ssaros e de brom\u00e9lias que habitam o espa\u00e7o, os conceitos de navega\u00e7\u00e3o, com mapas e b\u00fassolas que orientam o percurso pelas trilhas acess\u00edveis e autorizadas da unidade de conserva\u00e7\u00e3o.<\/p>\n\n\n\n<p>O parque conta com \u00e1rea de 16,7 hectares com est\u00e1gio avan\u00e7ado de Mata Atl\u00e2ntica. O local oferece um amplo espa\u00e7o de ar puro, tranquilidade, com mesas e bancos dispon\u00edveis para refei\u00e7\u00f5es e outras atividades. O local est\u00e1 registrado no Cadastro Nacional de Unidades de Conserva\u00e7\u00e3o do Minist\u00e9rio do Meio Ambiente e est\u00e1 inserido na APA-Petr\u00f3polis e na Reserva da Biosfera da Mata Atl\u00e2ntica. O hor\u00e1rio de funcionamento do espa\u00e7o \u00e9 de segunda a domingo, de 8h30 \u00e0s 17h30. O acesso do p\u00fablico est\u00e1 sendo autorizado ap\u00f3s aferi\u00e7\u00e3o de temperatura, sendo exigido o uso de m\u00e1scaras em suas depend\u00eancias.<\/p>\n\n\n\n<p>A visita dos igua\u00e7uanos a Petr\u00f3polis durou quase o dia inteiro. Ap\u00f3s conhecerem o Parque Natural, o secret\u00e1rio Edmardo Campbell acompanhou a comiss\u00e3o at\u00e9 a sede do Parque Nacional da Serra dos \u00d3rg\u00e3os, no Bomfim. Nesta comunidade, eles puderam conhecer um pouco do Programa de Revitaliza\u00e7\u00e3o de Pol\u00edticas P\u00fablicas das \u00c1reas Rurais, onde foram instaladas fossas s\u00e9pticas, al\u00e9m de filtros para o tratamento de esgoto, em uma parceria da prefeitura com o Inea, Minist\u00e9rio P\u00fablico e Comit\u00ea Bacias do Piabanha.<\/p>\n","protected":false},"excerpt":{"rendered":"<p>Representantes da Secretaria de Meio Ambiente do munic\u00edpio de Nova Igua\u00e7u estiveram em Petr\u00f3polis nesta<\/p>\n","protected":false},"author":2,"featured_media":15492,"comment_status":"open","ping_status":"open","sticky":false,"template":"","format":"standard","meta":{"footnotes":""},"categories":[12],"tags":[],"class_list":["post-15491","post","type-post","status-publish","format-standard","has-post-thumbnail","hentry","category-cidade"],"_links":{"self":[{"href":"https:\/\/tvc16.com\/portal\/wp-json\/wp\/v2\/posts\/15491","targetHints":{"allow":["GET"]}}],"collection":[{"href":"https:\/\/tvc16.com\/portal\/wp-json\/wp\/v2\/posts"}],"about":[{"href":"https:\/\/tvc16.com\/portal\/wp-json\/wp\/v2\/types\/post"}],"author":[{"embeddable":true,"href":"https:\/\/tvc16.com\/portal\/wp-json\/wp\/v2\/users\/2"}],"replies":[{"embeddable":true,"href":"https:\/\/tvc16.com\/portal\/wp-json\/wp\/v2\/comments?post=15491"}],"version-history":[{"count":1,"href":"https:\/\/tvc16.com\/portal\/wp-json\/wp\/v2\/posts\/15491\/revisions"}],"predecessor-version":[{"id":15493,"href":"https:\/\/tvc16.com\/portal\/wp-json\/wp\/v2\/posts\/15491\/revisions\/15493"}],"wp:featuredmedia":[{"embeddable":true,"href":"https:\/\/tvc16.com\/portal\/wp-json\/wp\/v2\/media\/15492"}],"wp:attachment":[{"href":"https:\/\/tvc16.com\/portal\/wp-json\/wp\/v2\/media?parent=15491"}],"wp:term":[{"taxonomy":"category","embeddable":true,"href":"https:\/\/tvc16.com\/portal\/wp-json\/wp\/v2\/categories?post=15491"},{"taxonomy":"post_tag","embeddable":true,"href":"https:\/\/tvc16.com\/portal\/wp-json\/wp\/v2\/tags?post=15491"}],"curies":[{"name":"wp","href":"https:\/\/api.w.org\/{rel}","templated":true}]}}