{"id":1550,"date":"2020-09-29T16:06:58","date_gmt":"2020-09-29T16:06:58","guid":{"rendered":"https:\/\/tvc16.com\/portal\/?p=1550"},"modified":"2020-09-29T16:06:58","modified_gmt":"2020-09-29T16:06:58","slug":"adolescente-e-apreendido-no-alto-da-serra","status":"publish","type":"post","link":"https:\/\/tvc16.com\/portal\/2020\/09\/29\/adolescente-e-apreendido-no-alto-da-serra\/","title":{"rendered":"Adolescente \u00e9 apreendido no Alto da Serra"},"content":{"rendered":"\n<p>Na segunda-feira (29), um adolescente de 17 anos foi apreendido, ap\u00f3s o cumprimento de um mandado de apreens\u00e3o expedido contra ele. O menor \u00e9 acusado de participa\u00e7\u00e3o no tr\u00e1fico de drogas. Ele estava em casa, no Alto da Serra, quando foi localizado pelos agentes da Pol\u00edcia Militar. Em seguida o jovem foi levado para a 105\u00aa Delegacia de Pol\u00edcia, no Retiro, onde ficou \u00e0 disposi\u00e7\u00e3o da justi\u00e7a.<\/p>\n","protected":false},"excerpt":{"rendered":"<p>Na segunda-feira (29), um adolescente de 17 anos foi apreendido, ap\u00f3s o cumprimento de um<\/p>\n","protected":false},"author":2,"featured_media":1551,"comment_status":"open","ping_status":"open","sticky":false,"template":"","format":"standard","meta":{"footnotes":""},"categories":[12],"tags":[],"class_list":["post-1550","post","type-post","status-publish","format-standard","has-post-thumbnail","hentry","category-cidade"],"_links":{"self":[{"href":"https:\/\/tvc16.com\/portal\/wp-json\/wp\/v2\/posts\/1550","targetHints":{"allow":["GET"]}}],"collection":[{"href":"https:\/\/tvc16.com\/portal\/wp-json\/wp\/v2\/posts"}],"about":[{"href":"https:\/\/tvc16.com\/portal\/wp-json\/wp\/v2\/types\/post"}],"author":[{"embeddable":true,"href":"https:\/\/tvc16.com\/portal\/wp-json\/wp\/v2\/users\/2"}],"replies":[{"embeddable":true,"href":"https:\/\/tvc16.com\/portal\/wp-json\/wp\/v2\/comments?post=1550"}],"version-history":[{"count":1,"href":"https:\/\/tvc16.com\/portal\/wp-json\/wp\/v2\/posts\/1550\/revisions"}],"predecessor-version":[{"id":1552,"href":"https:\/\/tvc16.com\/portal\/wp-json\/wp\/v2\/posts\/1550\/revisions\/1552"}],"wp:featuredmedia":[{"embeddable":true,"href":"https:\/\/tvc16.com\/portal\/wp-json\/wp\/v2\/media\/1551"}],"wp:attachment":[{"href":"https:\/\/tvc16.com\/portal\/wp-json\/wp\/v2\/media?parent=1550"}],"wp:term":[{"taxonomy":"category","embeddable":true,"href":"https:\/\/tvc16.com\/portal\/wp-json\/wp\/v2\/categories?post=1550"},{"taxonomy":"post_tag","embeddable":true,"href":"https:\/\/tvc16.com\/portal\/wp-json\/wp\/v2\/tags?post=1550"}],"curies":[{"name":"wp","href":"https:\/\/api.w.org\/{rel}","templated":true}]}}