{"id":1553,"date":"2020-09-29T16:10:04","date_gmt":"2020-09-29T16:10:04","guid":{"rendered":"https:\/\/tvc16.com\/portal\/?p=1553"},"modified":"2020-09-29T19:57:58","modified_gmt":"2020-09-29T19:57:58","slug":"idoso-com-transtorno-mental-fere-filha-com-faca","status":"publish","type":"post","link":"https:\/\/tvc16.com\/portal\/2020\/09\/29\/idoso-com-transtorno-mental-fere-filha-com-faca\/","title":{"rendered":"Idoso com transtorno mental fere filha com faca"},"content":{"rendered":"\n<p>Um idoso, de 70 anos, que de acordo como a Pol\u00edcia Civil possui transtorno mental, foi autuado por les\u00e3o corporal ap\u00f3s agredir a filha, de 18 anos, com uma faca. A jovem sofreu um ferimento superficial em uma das m\u00e3os. O caso ocorreu na segunda-feira (28), na Rua dos Ferrovi\u00e1rios, no Alto da Serra. A Pol\u00edcia Militar foi acionada para a ocorr\u00eancia e precisou negociar com o homem, que havia se trancado no banheiro ap\u00f3s o crime e amea\u00e7ava cometer suic\u00eddio.<\/p>\n\n\n\n<p>Segundo a PM, os agentes tentaram convencer o idoso a sair do banheiro, mas n\u00e3o obtiveram sucesso. Diante disso, a porta do c\u00f4modo foi arrombada e o homem imobilizado sem ferimentos. Pai e filha foram encaminhados para o Pronto Socorro, no Alto da Serra, onde receberam os atendimentos necess\u00e1rios. A faca usada na agress\u00e3o e tentativa de suic\u00eddio foi apreendida e levada para a 105\u00aa Delegacia de Pol\u00edcia, onde o caso foi registrado. O idoso foi autuado por les\u00e3o corporal culposa.<\/p>\n","protected":false},"excerpt":{"rendered":"<p>Um idoso, de 70 anos, que de acordo como a Pol\u00edcia Civil possui transtorno mental,<\/p>\n","protected":false},"author":2,"featured_media":1554,"comment_status":"open","ping_status":"open","sticky":false,"template":"","format":"standard","meta":{"footnotes":""},"categories":[12],"tags":[],"class_list":["post-1553","post","type-post","status-publish","format-standard","has-post-thumbnail","hentry","category-cidade"],"_links":{"self":[{"href":"https:\/\/tvc16.com\/portal\/wp-json\/wp\/v2\/posts\/1553","targetHints":{"allow":["GET"]}}],"collection":[{"href":"https:\/\/tvc16.com\/portal\/wp-json\/wp\/v2\/posts"}],"about":[{"href":"https:\/\/tvc16.com\/portal\/wp-json\/wp\/v2\/types\/post"}],"author":[{"embeddable":true,"href":"https:\/\/tvc16.com\/portal\/wp-json\/wp\/v2\/users\/2"}],"replies":[{"embeddable":true,"href":"https:\/\/tvc16.com\/portal\/wp-json\/wp\/v2\/comments?post=1553"}],"version-history":[{"count":2,"href":"https:\/\/tvc16.com\/portal\/wp-json\/wp\/v2\/posts\/1553\/revisions"}],"predecessor-version":[{"id":1599,"href":"https:\/\/tvc16.com\/portal\/wp-json\/wp\/v2\/posts\/1553\/revisions\/1599"}],"wp:featuredmedia":[{"embeddable":true,"href":"https:\/\/tvc16.com\/portal\/wp-json\/wp\/v2\/media\/1554"}],"wp:attachment":[{"href":"https:\/\/tvc16.com\/portal\/wp-json\/wp\/v2\/media?parent=1553"}],"wp:term":[{"taxonomy":"category","embeddable":true,"href":"https:\/\/tvc16.com\/portal\/wp-json\/wp\/v2\/categories?post=1553"},{"taxonomy":"post_tag","embeddable":true,"href":"https:\/\/tvc16.com\/portal\/wp-json\/wp\/v2\/tags?post=1553"}],"curies":[{"name":"wp","href":"https:\/\/api.w.org\/{rel}","templated":true}]}}