{"id":1556,"date":"2020-09-29T16:16:57","date_gmt":"2020-09-29T16:16:57","guid":{"rendered":"https:\/\/tvc16.com\/portal\/?p=1556"},"modified":"2020-09-29T16:16:57","modified_gmt":"2020-09-29T16:16:57","slug":"bolsonaro-diz-que-esta-aberto-a-sugestoes-para-recuperacao-da-economia","status":"publish","type":"post","link":"https:\/\/tvc16.com\/portal\/2020\/09\/29\/bolsonaro-diz-que-esta-aberto-a-sugestoes-para-recuperacao-da-economia\/","title":{"rendered":"Bolsonaro diz que est\u00e1 aberto a sugest\u00f5es para recupera\u00e7\u00e3o da economia"},"content":{"rendered":"\n<p>Estado de emerg\u00eancia por causa da covid-19 termina em 31 de dezembro<\/p>\n\n\n\n<p>O presidente Jair Bolsonaro disse hoje (29) que o governo est\u00e1 aberto a sugest\u00f5es dos l\u00edderes partid\u00e1rios para propostas que visem \u00e0&nbsp;recupera\u00e7\u00e3o da economia e ao enfrentamento dos problemas sociais que podem surgir a partir do pr\u00f3ximo ano. O&nbsp;<a href=\"https:\/\/www.in.gov.br\/en\/web\/dou\/-\/portaria-n-356-de-11-de-marco-de-2020-247538346\" target=\"_blank\" rel=\"noreferrer noopener\">estado de emerg\u00eancia<\/a>&nbsp;em raz\u00e3o da pandemia da covid-19 acaba em 31 de dezembro, assim como o pagamento do&nbsp;<a href=\"https:\/\/www.in.gov.br\/en\/web\/dou\/-\/portaria-n-442-de-16-de-julho-de-2020-267274181\" target=\"_blank\" rel=\"noreferrer noopener\">aux\u00edlio emergencial<\/a>&nbsp;aos cidad\u00e3os mais vulner\u00e1veis.<img decoding=\"async\" src=\"https:\/\/agenciabrasil.ebc.com.br\/ebc.png?id=1389211&amp;o=node\"><img decoding=\"async\" src=\"https:\/\/agenciabrasil.ebc.com.br\/ebc.gif?id=1389211&amp;o=node\"><\/p>\n\n\n\n<p>\u201cO meu governo busca se antecipar aos graves problemas sociais que podem surgir em 2021, caso nada se fa\u00e7a para atender a essa massa que tudo, ou quase tudo, perdeu. A responsabilidade fiscal e o respeito ao teto s\u00e3o os trilhos da economia. Estamos abertos a sugest\u00f5es juntamente com os l\u00edderes partid\u00e1rios\u201d, escreveu em publica\u00e7\u00e3o nas redes sociais.<\/p>\n\n\n\n<p>Ontem (28),&nbsp;<a href=\"https:\/\/agenciabrasil.ebc.com.br\/politica\/noticia\/2020-09\/governo-anuncia-renda-cidada-com-recursos-de-precatorios-e-do-fundeb\" target=\"_blank\" rel=\"noreferrer noopener\">Bolsonaro anunciou o Renda Cidad\u00e3<\/a>, novo programa de transfer\u00eancia de renda do governo, que substituir\u00e1 o aux\u00edlio emergencial e o Bolsa Fam\u00edlia, e ser\u00e1 financiado com parte dos recursos de pagamento de precat\u00f3rios e do Fundo de Manuten\u00e7\u00e3o e Desenvolvimento da Educa\u00e7\u00e3o B\u00e1sica e de Valoriza\u00e7\u00e3o dos Profissionais da Educa\u00e7\u00e3o (Fundeb). A proposta foi acordada entre o governo e l\u00edderes da base e dever\u00e1 ser apresentada na Proposta de Emenda \u00e0 Constitui\u00e7\u00e3o (PEC) do Pacto Federativo e na PEC Emergencial, que tratam da desindexa\u00e7\u00e3o dos gastos p\u00fablicos.<\/p>\n\n\n\n<p>Por outro lado, o governo ainda n\u00e3o alcan\u00e7ou o entendimento sobre o texto da reforma tribut\u00e1ria, que deve tratar sobre a desonera\u00e7\u00e3o da folha de pagamento das empresas.&nbsp;<a href=\"https:\/\/agenciabrasil.ebc.com.br\/economia\/noticia\/2020-09\/ministro-da-economia-diz-que-reforma-deve-ter-tributos-alternativos\" target=\"_blank\" rel=\"noreferrer noopener\">Em declara\u00e7\u00f5es recentes<\/a>, o ministro da Economia, Paulo Guedes, defendeu a cria\u00e7\u00e3o de \u201ctributos alternativos\u201d para compensar a desonera\u00e7\u00e3o da folha, que, para ele, \u00e9 necess\u00e1ria para a cria\u00e7\u00e3o de empregos e renda para a popula\u00e7\u00e3o.<\/p>\n\n\n\n<p>A primeira parte da proposta de reforma tribut\u00e1ria do governo j\u00e1 est\u00e1 em tramita\u00e7\u00e3o e trata apenas da unifica\u00e7\u00e3o de impostos federais e estaduais em um futuro Imposto sobre Valor Agregado (IVA). A segunda parte, sobre a desonera\u00e7\u00e3o da folha, ainda depende de um acordo.<\/p>\n\n\n\n<p>Por Andreia Verd\u00e9lio \u2013 Rep\u00f3rter da Ag\u00eancia Brasil &#8211; Bras\u00edlia<\/p>\n\n\n\n<p>Edi\u00e7\u00e3o: Fernando Fraga<\/p>\n","protected":false},"excerpt":{"rendered":"<p>Estado de emerg\u00eancia por causa da covid-19 termina em 31 de dezembro O presidente Jair<\/p>\n","protected":false},"author":2,"featured_media":1557,"comment_status":"open","ping_status":"open","sticky":false,"template":"","format":"standard","meta":{"footnotes":""},"categories":[15],"tags":[],"class_list":["post-1556","post","type-post","status-publish","format-standard","has-post-thumbnail","hentry","category-politica"],"_links":{"self":[{"href":"https:\/\/tvc16.com\/portal\/wp-json\/wp\/v2\/posts\/1556","targetHints":{"allow":["GET"]}}],"collection":[{"href":"https:\/\/tvc16.com\/portal\/wp-json\/wp\/v2\/posts"}],"about":[{"href":"https:\/\/tvc16.com\/portal\/wp-json\/wp\/v2\/types\/post"}],"author":[{"embeddable":true,"href":"https:\/\/tvc16.com\/portal\/wp-json\/wp\/v2\/users\/2"}],"replies":[{"embeddable":true,"href":"https:\/\/tvc16.com\/portal\/wp-json\/wp\/v2\/comments?post=1556"}],"version-history":[{"count":1,"href":"https:\/\/tvc16.com\/portal\/wp-json\/wp\/v2\/posts\/1556\/revisions"}],"predecessor-version":[{"id":1558,"href":"https:\/\/tvc16.com\/portal\/wp-json\/wp\/v2\/posts\/1556\/revisions\/1558"}],"wp:featuredmedia":[{"embeddable":true,"href":"https:\/\/tvc16.com\/portal\/wp-json\/wp\/v2\/media\/1557"}],"wp:attachment":[{"href":"https:\/\/tvc16.com\/portal\/wp-json\/wp\/v2\/media?parent=1556"}],"wp:term":[{"taxonomy":"category","embeddable":true,"href":"https:\/\/tvc16.com\/portal\/wp-json\/wp\/v2\/categories?post=1556"},{"taxonomy":"post_tag","embeddable":true,"href":"https:\/\/tvc16.com\/portal\/wp-json\/wp\/v2\/tags?post=1556"}],"curies":[{"name":"wp","href":"https:\/\/api.w.org\/{rel}","templated":true}]}}