{"id":1559,"date":"2020-09-29T16:18:54","date_gmt":"2020-09-29T16:18:54","guid":{"rendered":"https:\/\/tvc16.com\/portal\/?p=1559"},"modified":"2020-09-29T16:18:54","modified_gmt":"2020-09-29T16:18:54","slug":"ipea-renda-dos-mais-pobres-foi-32-maior-que-a-habitual-em-agosto","status":"publish","type":"post","link":"https:\/\/tvc16.com\/portal\/2020\/09\/29\/ipea-renda-dos-mais-pobres-foi-32-maior-que-a-habitual-em-agosto\/","title":{"rendered":"Ipea: renda dos mais pobres foi 32% maior que a habitual em agosto"},"content":{"rendered":"\n<p>Aux\u00edlio emergencial compensou parte das perdas dos meses anteriores<\/p>\n\n\n\n<p>Cerca de 4,25 milh\u00f5es de domic\u00edlios brasileiros, o equivalente a 6,2% dos lares, sobreviveram, em agosto, apenas com a renda do aux\u00edlio emergencial de R$ 600, pago pelo governo federal para enfrentar os efeitos econ\u00f4micos da pandemia da covid-19. A propor\u00e7\u00e3o de domic\u00edlios exclusivamente dependentes do aux\u00edlio foi maior no Nordeste, ultrapassando os 13% no Piau\u00ed e na Bahia.<img decoding=\"async\" src=\"https:\/\/agenciabrasil.ebc.com.br\/ebc.png?id=1389214&amp;o=node\"><img decoding=\"async\" src=\"https:\/\/agenciabrasil.ebc.com.br\/ebc.gif?id=1389214&amp;o=node\"><\/p>\n\n\n\n<p>Entre os domic\u00edlios mais pobres, os rendimentos atingiram 132% do que seriam com as rendas habituais em agosto. A ajuda financeira tamb\u00e9m foi suficiente para superar em 41% a perda da massa salarial entre as pessoas que permaneceram ocupadas.<\/p>\n\n\n\n<p>Os resultados constam do estudo divulgado nesta ter\u00e7a-feira (29) pelo Instituto de Pesquisa Econ\u00f4mica Aplicada (Ipea), intitulado Os efeitos da pandemia sobre os rendimentos do trabalho e o impacto do aux\u00edlio emergencial: os resultados dos microdados da PNAD Covid-19 de agosto, que utiliza dados do Instituto Brasileiro de Geografia e Estat\u00edstica (IBGE).<\/p>\n\n\n\n<p>\u201cO papel do aux\u00edlio emergencial na compensa\u00e7\u00e3o da renda perdida em virtude da pandemia foi proporcionalmente maior do que no m\u00eas anterior\u201d, disse, em nota, o autor da pesquisa Sandro Sacchet.<\/p>\n\n\n\n<p>Em compara\u00e7\u00e3o com o m\u00eas anterior, a redu\u00e7\u00e3o da diferen\u00e7a entre a renda efetiva e a habitual foi generalizada. De modo geral, os trabalhadores receberam em agosto 89,4% dos rendimentos habituais (2,3 pontos percentuais acima de julho) \u2013 R$ 2.132 em m\u00e9dia, contra uma renda habitual de R$ 2.384.<\/p>\n\n\n\n<p>J\u00e1 os trabalhadores do setor privado sem carteira assinada receberam 86,1% do habitual contra 85% no m\u00eas anterior. Trabalhadores do setor privado com carteira e funcion\u00e1rios p\u00fablicos continuaram a receber, em m\u00e9dia, 95% do rendimento habitual.<\/p>\n\n\n\n<p>A recupera\u00e7\u00e3o do n\u00edvel de renda foi maior entre os trabalhadores por conta pr\u00f3pria, que receberam em agosto 76% do que habitualmente recebiam, contra 72% em julho, alcan\u00e7ando rendimentos efetivos m\u00e9dios de R$ 1.486.<\/p>\n\n\n\n<p>Ainda que tenham recuperado parcela mais significativa da perda salarial devido \u00e0 pandemia, os que trabalham por conta pr\u00f3pria continuam tendo um dos menores \u00edndices de renda efetiva. O estudo cita como exemplo os trabalhadores de tratamento de beleza e servi\u00e7os pessoais que receberam em agosto apenas 68,6% da renda habitual, auferindo uma renda m\u00e9dia de R$ 1.072. O resultado, por\u00e9m, \u00e9 melhor que o de julho, quando receberam 60% da renda habitual.<\/p>\n\n\n\n<p>Outros grupos que sofreram muito com a pandemia, mas que apresentaram maior recupera\u00e7\u00e3o em seus rendimentos s\u00e3o os trabalhadores de atividades art\u00edsticas, esportivas e recrea\u00e7\u00e3o (crescimento de 15% da renda); atividades imobili\u00e1rias (aumento de 20%); hospedagem (10,5%); servi\u00e7os de alimenta\u00e7\u00e3o (7,1%); e transporte de passageiros (7,3%).<\/p>\n\n\n\n<p>Segundo o Ipea, os trabalhadores menos afetados pela pandemia est\u00e3o na administra\u00e7\u00e3o p\u00fablica, na ind\u00fastria extrativa, nos servi\u00e7os de utilidade p\u00fablica, na educa\u00e7\u00e3o, em servi\u00e7os financeiros e armazenamento, nos correios e nos servi\u00e7os de entrega.<\/p>\n\n\n\n<p>No Nordeste, a renda efetiva subiu de 86,7% do habitual em julho para 89,6% em agosto, enquanto o Centro-Oeste continua sendo a regi\u00e3o menos impactada (91,8%).<\/p>\n\n\n\n<p>Conforme o estudo, o efeito da pandemia continua mais severo entre os idosos (85,6%) e menor entre os mais jovens (90,8%), e o impacto foi menor entre aqueles com ensino m\u00e9dio ou superior (89% para trabalhadores com m\u00e9dio completo e 91,1% para aqueles com ensino superior).<\/p>\n\n\n\n<p>Por Ana Cristina Campos \u2013 Rep\u00f3rter da Ag\u00eancia Brasil &#8211; Rio de Janeiro<\/p>\n\n\n\n<p>Edi\u00e7\u00e3o: Val\u00e9ria Aguiar<\/p>\n","protected":false},"excerpt":{"rendered":"<p>Aux\u00edlio emergencial compensou parte das perdas dos meses anteriores Cerca de 4,25 milh\u00f5es de domic\u00edlios<\/p>\n","protected":false},"author":2,"featured_media":1560,"comment_status":"open","ping_status":"open","sticky":false,"template":"","format":"standard","meta":{"footnotes":""},"categories":[14],"tags":[],"class_list":["post-1559","post","type-post","status-publish","format-standard","has-post-thumbnail","hentry","category-pais"],"_links":{"self":[{"href":"https:\/\/tvc16.com\/portal\/wp-json\/wp\/v2\/posts\/1559","targetHints":{"allow":["GET"]}}],"collection":[{"href":"https:\/\/tvc16.com\/portal\/wp-json\/wp\/v2\/posts"}],"about":[{"href":"https:\/\/tvc16.com\/portal\/wp-json\/wp\/v2\/types\/post"}],"author":[{"embeddable":true,"href":"https:\/\/tvc16.com\/portal\/wp-json\/wp\/v2\/users\/2"}],"replies":[{"embeddable":true,"href":"https:\/\/tvc16.com\/portal\/wp-json\/wp\/v2\/comments?post=1559"}],"version-history":[{"count":1,"href":"https:\/\/tvc16.com\/portal\/wp-json\/wp\/v2\/posts\/1559\/revisions"}],"predecessor-version":[{"id":1561,"href":"https:\/\/tvc16.com\/portal\/wp-json\/wp\/v2\/posts\/1559\/revisions\/1561"}],"wp:featuredmedia":[{"embeddable":true,"href":"https:\/\/tvc16.com\/portal\/wp-json\/wp\/v2\/media\/1560"}],"wp:attachment":[{"href":"https:\/\/tvc16.com\/portal\/wp-json\/wp\/v2\/media?parent=1559"}],"wp:term":[{"taxonomy":"category","embeddable":true,"href":"https:\/\/tvc16.com\/portal\/wp-json\/wp\/v2\/categories?post=1559"},{"taxonomy":"post_tag","embeddable":true,"href":"https:\/\/tvc16.com\/portal\/wp-json\/wp\/v2\/tags?post=1559"}],"curies":[{"name":"wp","href":"https:\/\/api.w.org\/{rel}","templated":true}]}}