{"id":1562,"date":"2020-09-29T16:58:22","date_gmt":"2020-09-29T16:58:22","guid":{"rendered":"https:\/\/tvc16.com\/portal\/?p=1562"},"modified":"2020-09-29T16:58:22","modified_gmt":"2020-09-29T16:58:22","slug":"massa-de-ar-seco-e-quente-deve-ficar-no-pais-ate-semana-que-vem","status":"publish","type":"post","link":"https:\/\/tvc16.com\/portal\/2020\/09\/29\/massa-de-ar-seco-e-quente-deve-ficar-no-pais-ate-semana-que-vem\/","title":{"rendered":"Massa de ar seco e quente deve ficar no pa\u00eds at\u00e9 semana que vem"},"content":{"rendered":"\n<p>Possibilidade de chuva est\u00e1 afastada, diz Meteorologia<\/p>\n\n\n\n<p>A massa de ar seco e quente que est\u00e1 sobre o interior do Brasil deve permanecer at\u00e9 a pr\u00f3xima semana, elevando as temperaturas e afastando as possibilidades de chuva, em especial nas regi\u00f5es Centro-Oeste e Sudeste.&nbsp;<img decoding=\"async\" src=\"https:\/\/agenciabrasil.ebc.com.br\/ebc.png?id=1389216&amp;o=node\"><img decoding=\"async\" src=\"https:\/\/agenciabrasil.ebc.com.br\/ebc.gif?id=1389216&amp;o=node\"><\/p>\n\n\n\n<p>A previs\u00e3o do Instituto Nacional de Meteorologia (Inmet) \u00e9 que as temperaturas continuem elevadas, com m\u00e1ximas acima dos 30 graus em praticamente todo o Brasil, podendo ter picos de 40\u00b0C na regi\u00e3o central; e m\u00ednimas entre 14\u00b0C e 26\u00b0C.<\/p>\n\n\n\n<p>De acordo com Maiane Ara\u00fajo, meteorologista do Inmet, esse \u00e9 um fato comum nessa \u00e9poca do ano, na entrada da primavera, uma esta\u00e7\u00e3o de transi\u00e7\u00e3o. \u201cA atmosfera ainda est\u00e1 se ajustando para sair de um padr\u00e3o e ir para a outro. Embora tenham ocorrido chuvas h\u00e1 alguns dias, a massa de ar seco volta a se estabelecer, at\u00e9 que as chuvas consigam se firmar de fato\u201d, explicou.<\/p>\n\n\n\n<p>Como a massa quente impede a forma\u00e7\u00e3o de nuvens, as temperaturas se elevam. Para hoje (29), o Inmet j\u00e1 emitiu alertas de baixa umidade para estados do Sudeste e Nordeste. Os avisos s\u00e3o atualizados diariamente\u00a0<a rel=\"noreferrer noopener\" href=\"http:\/\/alert-as.inmet.gov.br\/cv\/\" target=\"_blank\">na p\u00e1gina do instituto<\/a>.<\/p>\n\n\n\n<p>Os picos de 40\u00b0C de temperatura podem acontecer em pontos do Mato Grosso, Mato Grosso do Sul e Goi\u00e1s. Em Bras\u00edlia, segundo Maiane, n\u00e3o h\u00e1 indicativo que isso ocorra. O recorde para a capital federal \u00e9 de 37,7\u00b0C, registrado em outubro de 2017.<\/p>\n\n\n\n<p>A especialista disse, ainda, que h\u00e1 a possibilidade de chuvas no interior do pa\u00eds a partir do dia 8 de outubro, mas como essa \u00e9 uma fase de transi\u00e7\u00e3o, as previs\u00f5es sempre podem mudar. Al\u00e9m disso, cada ano tem suas especificidades. Em 2019, por exemplo, a esta\u00e7\u00e3o chuvosa se estabeleceu na segunda quinzena de novembro. Para este ano, a previs\u00e3o \u00e9 que isso aconte\u00e7a no fim de outubro.<\/p>\n\n\n\n<p>J\u00e1 essa semana \u00e9 de chuvas nas regi\u00f5es Norte e Sul. No Sul, dever\u00e1 haver concentra\u00e7\u00e3o de chuvas, principalmente, no Rio Grande do Sul e em Santa Catarina. Na Norte, os maiores acumulados dever\u00e3o ser no noroeste do Amazonas e em Roraima. J\u00e1 no Nordeste, as chuvas devem ser isoladas e com baixo volume.&nbsp;&nbsp;<\/p>\n\n\n\n<p>Por Andreia Verd\u00e9lio \u2013 Rep\u00f3rter da Ag\u00eancia Brasil &#8211; Bras\u00edlia<\/p>\n\n\n\n<p>Edi\u00e7\u00e3o: Kleber Sampaio<\/p>\n","protected":false},"excerpt":{"rendered":"<p>Possibilidade de chuva est\u00e1 afastada, diz Meteorologia A massa de ar seco e quente que<\/p>\n","protected":false},"author":2,"featured_media":1563,"comment_status":"open","ping_status":"open","sticky":false,"template":"","format":"standard","meta":{"footnotes":""},"categories":[17,1],"tags":[],"class_list":["post-1562","post","type-post","status-publish","format-standard","has-post-thumbnail","hentry","category-outras-noticias","category-uncategorized"],"_links":{"self":[{"href":"https:\/\/tvc16.com\/portal\/wp-json\/wp\/v2\/posts\/1562","targetHints":{"allow":["GET"]}}],"collection":[{"href":"https:\/\/tvc16.com\/portal\/wp-json\/wp\/v2\/posts"}],"about":[{"href":"https:\/\/tvc16.com\/portal\/wp-json\/wp\/v2\/types\/post"}],"author":[{"embeddable":true,"href":"https:\/\/tvc16.com\/portal\/wp-json\/wp\/v2\/users\/2"}],"replies":[{"embeddable":true,"href":"https:\/\/tvc16.com\/portal\/wp-json\/wp\/v2\/comments?post=1562"}],"version-history":[{"count":1,"href":"https:\/\/tvc16.com\/portal\/wp-json\/wp\/v2\/posts\/1562\/revisions"}],"predecessor-version":[{"id":1564,"href":"https:\/\/tvc16.com\/portal\/wp-json\/wp\/v2\/posts\/1562\/revisions\/1564"}],"wp:featuredmedia":[{"embeddable":true,"href":"https:\/\/tvc16.com\/portal\/wp-json\/wp\/v2\/media\/1563"}],"wp:attachment":[{"href":"https:\/\/tvc16.com\/portal\/wp-json\/wp\/v2\/media?parent=1562"}],"wp:term":[{"taxonomy":"category","embeddable":true,"href":"https:\/\/tvc16.com\/portal\/wp-json\/wp\/v2\/categories?post=1562"},{"taxonomy":"post_tag","embeddable":true,"href":"https:\/\/tvc16.com\/portal\/wp-json\/wp\/v2\/tags?post=1562"}],"curies":[{"name":"wp","href":"https:\/\/api.w.org\/{rel}","templated":true}]}}