{"id":1565,"date":"2020-09-29T17:03:11","date_gmt":"2020-09-29T17:03:11","guid":{"rendered":"https:\/\/tvc16.com\/portal\/?p=1565"},"modified":"2020-09-29T17:03:11","modified_gmt":"2020-09-29T17:03:11","slug":"pf-detem-secretarios-de-barbalho-por-suspeita-de-desvios-na-saude","status":"publish","type":"post","link":"https:\/\/tvc16.com\/portal\/2020\/09\/29\/pf-detem-secretarios-de-barbalho-por-suspeita-de-desvios-na-saude\/","title":{"rendered":"PF det\u00e9m secret\u00e1rios de Barbalho por suspeita de desvios na Sa\u00fade"},"content":{"rendered":"\n<p>Opera\u00e7\u00e3o S.O.S apura contratos feitos por unidades hospitalares<\/p>\n\n\n\n<p>A Pol\u00edcia Federal (PF) prendeu hoje (29), temporariamente, dois secret\u00e1rios de governo do Par\u00e1 e um assessor do governador Helder Barbalho. Os agentes tamb\u00e9m realizaram buscas e recolheram documentos no gabinete do governador.<img decoding=\"async\" src=\"https:\/\/agenciabrasil.ebc.com.br\/ebc.png?id=1389213&amp;o=node\"><img decoding=\"async\" src=\"https:\/\/agenciabrasil.ebc.com.br\/ebc.gif?id=1389213&amp;o=node\"><\/p>\n\n\n\n<p>Os secret\u00e1rios estaduais detidos s\u00e3o Parsifal de Jesus Pontes, de Desenvolvimento Econ\u00f4mico, Minera\u00e7\u00e3o e Energia, e Antonio de P\u00e1dua, de Transportes. O assessor de Barbalho \u00e9 Leonardo Maia Nascimento. Outros mandados de pris\u00e3o tempor\u00e1ria e preventiva continuam sendo executados no Par\u00e1 e no estado de S\u00e3o Paulo.<\/p>\n\n\n\n<p>Em nota, a PF informou que a chamada Opera\u00e7\u00e3o S.O.S \u00e9 resultado de uma investiga\u00e7\u00e3o que apura a suspeita de desvio de recursos p\u00fablicos na \u00e1rea da Sa\u00fade. Segundo a PF, o desvio teria ocorrido entre agosto de 2019 e maio de 2020, por meio da contrata\u00e7\u00e3o, pelo governo estadual, de organiza\u00e7\u00f5es sociais (oscips) que assumiram a gest\u00e3o de unidades hospitalares, entre elas os hospitais de campanha montados em regime de urg\u00eancia devido \u00e0 pandemia da covid-19.<\/p>\n\n\n\n<p>Ao menos doze contratos que o governo do Par\u00e1 assinou com as organiza\u00e7\u00f5es ligadas aos investigados est\u00e3o sob suspeita. Somados, estes contratos ultrapassam o valor de R$ 1,28 bilh\u00e3o. Al\u00e9m de ocupantes de cargo de confian\u00e7a do governo paraense, h\u00e1, entre os suspeitos, empres\u00e1rios e operadores financeiros. O pr\u00f3prio governador, segundo nota da PF, Helder Barbalho, \u00e9 alvo da investiga\u00e7\u00e3o \u2013 embora n\u00e3o seja alvo de mandado de pris\u00e3o. &#8220;Os investigados s\u00e3o empres\u00e1rios, o operador financeiro do grupo, integrantes da c\u00fapula do governo do Par\u00e1, al\u00e9m do pr\u00f3prio Chefe do Poder Executivo Estadual.&#8221;<\/p>\n\n\n\n<p>No Par\u00e1, a a\u00e7\u00e3o foi autorizada pelo ministro Francisco Falc\u00e3o, do Superior Tribunal de Justi\u00e7a (STJ), que expediu 12 mandados judiciais de pris\u00e3o tempor\u00e1ria e 41 de busca e apreens\u00e3o.<\/p>\n\n\n\n<p>A opera\u00e7\u00e3o ocorre tamb\u00e9m em S\u00e3o Paulo, onde as Varas de Justi\u00e7a de Birigui e de Pen\u00e1polis concederam outros 64 mandados de pris\u00e3o tempor\u00e1ria e 237 de busca e apreens\u00e3o, que est\u00e3o sendo cumpridos com o apoio da Pol\u00edcia Civil. Al\u00e9m disso, ao menos um mandado est\u00e1 sendo cumprido em Goi\u00e2nia.<\/p>\n\n\n\n<p>Se a suspeita de crimes contra os cofres p\u00fablicos for comprovada, os envolvidos responder\u00e3o por fraude em licita\u00e7\u00f5es; falsidade ideol\u00f3gica; peculato; corrup\u00e7\u00e3o passiva; corrup\u00e7\u00e3o ativa; lavagem de dinheiro e organiza\u00e7\u00e3o criminosa.<\/p>\n\n\n\n<p>Em nota, o governo estadual se limitou a comentar que apoia qualquer investiga\u00e7\u00e3o cujo objetivo seja proteger o dinheiro p\u00fablico. Procurado pela&nbsp;<strong>Ag\u00eancia Brasil<\/strong>, o governador Helder Barbalho ainda n\u00e3o se pronunciou sobre a a\u00e7\u00e3o policial.<\/p>\n\n\n\n<p>At\u00e9 o momento, a reportagem n\u00e3o conseguiu contato com os advogados dos secret\u00e1rios e do assessor detidos nesta manh\u00e3.<\/p>\n\n\n\n<p>Por Alex Rodrigues &#8211; Rep\u00f3rter da Ag\u00eancia Brasil &#8211; Bras\u00edlia<\/p>\n\n\n\n<p>Edi\u00e7\u00e3o: Maria Claudia<\/p>\n","protected":false},"excerpt":{"rendered":"<p>Opera\u00e7\u00e3o S.O.S apura contratos feitos por unidades hospitalares A Pol\u00edcia Federal (PF) prendeu hoje (29),<\/p>\n","protected":false},"author":2,"featured_media":1566,"comment_status":"open","ping_status":"open","sticky":false,"template":"","format":"standard","meta":{"footnotes":""},"categories":[13],"tags":[],"class_list":["post-1565","post","type-post","status-publish","format-standard","has-post-thumbnail","hentry","category-saude"],"_links":{"self":[{"href":"https:\/\/tvc16.com\/portal\/wp-json\/wp\/v2\/posts\/1565","targetHints":{"allow":["GET"]}}],"collection":[{"href":"https:\/\/tvc16.com\/portal\/wp-json\/wp\/v2\/posts"}],"about":[{"href":"https:\/\/tvc16.com\/portal\/wp-json\/wp\/v2\/types\/post"}],"author":[{"embeddable":true,"href":"https:\/\/tvc16.com\/portal\/wp-json\/wp\/v2\/users\/2"}],"replies":[{"embeddable":true,"href":"https:\/\/tvc16.com\/portal\/wp-json\/wp\/v2\/comments?post=1565"}],"version-history":[{"count":1,"href":"https:\/\/tvc16.com\/portal\/wp-json\/wp\/v2\/posts\/1565\/revisions"}],"predecessor-version":[{"id":1567,"href":"https:\/\/tvc16.com\/portal\/wp-json\/wp\/v2\/posts\/1565\/revisions\/1567"}],"wp:featuredmedia":[{"embeddable":true,"href":"https:\/\/tvc16.com\/portal\/wp-json\/wp\/v2\/media\/1566"}],"wp:attachment":[{"href":"https:\/\/tvc16.com\/portal\/wp-json\/wp\/v2\/media?parent=1565"}],"wp:term":[{"taxonomy":"category","embeddable":true,"href":"https:\/\/tvc16.com\/portal\/wp-json\/wp\/v2\/categories?post=1565"},{"taxonomy":"post_tag","embeddable":true,"href":"https:\/\/tvc16.com\/portal\/wp-json\/wp\/v2\/tags?post=1565"}],"curies":[{"name":"wp","href":"https:\/\/api.w.org\/{rel}","templated":true}]}}