{"id":157,"date":"2020-07-17T09:37:27","date_gmt":"2020-07-17T09:37:27","guid":{"rendered":"https:\/\/tvc16.com\/portal\/?p=157"},"modified":"2020-07-17T11:22:48","modified_gmt":"2020-07-17T11:22:48","slug":"mais-duas-pessoas-morrem-na-cidade-por-covid-19","status":"publish","type":"post","link":"https:\/\/tvc16.com\/portal\/2020\/07\/17\/mais-duas-pessoas-morrem-na-cidade-por-covid-19\/","title":{"rendered":"Mais duas pessoas morrem na cidade por covid-19"},"content":{"rendered":"\n<p>A Prefeitura de Petr\u00f3polis confirmou nesta quinta-feira (16) mais duas mortes por coronav\u00edrus. Ao todo, a cidade registra 126 \u00f3bitos. Al\u00e9m disso, a prefeitura tamb\u00e9m anunciou mais 41 casos positivos de covid-19, contabilizando 3165 registros da doen\u00e7a.<\/p>\n\n\n\n<p>Uma das v\u00edtimas \u00e9 uma mulher de 60 anos, sem comorbidades, que estava internada no Hospital Municipal Dr. Nelson de S\u00e1 Earp (HMNSE) e faleceu nesta ter\u00e7a-feira (14). O segundo \u00f3bito \u00e9 tamb\u00e9m de uma mulher, de 78 anos, que tinha hipertens\u00e3o arterial e estava internada no Hospital Cl\u00ednico de Corr\u00eaas. Ela faleceu na \u00faltima ter\u00e7a-feira.<\/p>\n\n\n\n<p>Dos 12.816 testes realizados na cidade, 9.585 resultaram negativos, 3165 positivos e 66 est\u00e3o em an\u00e1lise, entre PCR e testes r\u00e1pidos. H\u00e1 ainda 84 pacientes internados na cidade, podendo ser casos positivos ou em investiga\u00e7\u00e3o esperando o resultado do teste.<\/p>\n\n\n\n<p>Os recuperados pela doen\u00e7a totalizam 576. Esse n\u00famero se refere \u00e0s pessoas que estiveram internadas nas unidades hospitalares da cidade ou que se mantiveram em isolamento domiciliar e que, hoje, n\u00e3o apresentam mais os principais sintomas da doen\u00e7a.<\/p>\n\n\n\n<p>Hoje o munic\u00edpio contabiliza pelo SUS 41,07% dos leitos cl\u00ednicos e 23,77% de UTI ocupados com pacientes infectados com coronav\u00edrus.<\/p>\n","protected":false},"excerpt":{"rendered":"<p>A Prefeitura de Petr\u00f3polis confirmou nesta quinta-feira (16) mais duas mortes por coronav\u00edrus. Ao todo,<\/p>\n","protected":false},"author":1,"featured_media":158,"comment_status":"closed","ping_status":"closed","sticky":false,"template":"","format":"standard","meta":{"footnotes":""},"categories":[12,13],"tags":[],"class_list":["post-157","post","type-post","status-publish","format-standard","has-post-thumbnail","hentry","category-cidade","category-saude"],"_links":{"self":[{"href":"https:\/\/tvc16.com\/portal\/wp-json\/wp\/v2\/posts\/157","targetHints":{"allow":["GET"]}}],"collection":[{"href":"https:\/\/tvc16.com\/portal\/wp-json\/wp\/v2\/posts"}],"about":[{"href":"https:\/\/tvc16.com\/portal\/wp-json\/wp\/v2\/types\/post"}],"author":[{"embeddable":true,"href":"https:\/\/tvc16.com\/portal\/wp-json\/wp\/v2\/users\/1"}],"replies":[{"embeddable":true,"href":"https:\/\/tvc16.com\/portal\/wp-json\/wp\/v2\/comments?post=157"}],"version-history":[{"count":1,"href":"https:\/\/tvc16.com\/portal\/wp-json\/wp\/v2\/posts\/157\/revisions"}],"predecessor-version":[{"id":159,"href":"https:\/\/tvc16.com\/portal\/wp-json\/wp\/v2\/posts\/157\/revisions\/159"}],"wp:featuredmedia":[{"embeddable":true,"href":"https:\/\/tvc16.com\/portal\/wp-json\/wp\/v2\/media\/158"}],"wp:attachment":[{"href":"https:\/\/tvc16.com\/portal\/wp-json\/wp\/v2\/media?parent=157"}],"wp:term":[{"taxonomy":"category","embeddable":true,"href":"https:\/\/tvc16.com\/portal\/wp-json\/wp\/v2\/categories?post=157"},{"taxonomy":"post_tag","embeddable":true,"href":"https:\/\/tvc16.com\/portal\/wp-json\/wp\/v2\/tags?post=157"}],"curies":[{"name":"wp","href":"https:\/\/api.w.org\/{rel}","templated":true}]}}