{"id":1574,"date":"2020-09-29T17:27:45","date_gmt":"2020-09-29T17:27:45","guid":{"rendered":"https:\/\/tvc16.com\/portal\/?p=1574"},"modified":"2020-09-29T17:27:45","modified_gmt":"2020-09-29T17:27:45","slug":"davi-adia-instalacao-da-comissao-de-orcamento-para-evitar-conflito","status":"publish","type":"post","link":"https:\/\/tvc16.com\/portal\/2020\/09\/29\/davi-adia-instalacao-da-comissao-de-orcamento-para-evitar-conflito\/","title":{"rendered":"Davi adia instala\u00e7\u00e3o da Comiss\u00e3o de Or\u00e7amento &#8216;para evitar conflito&#8217;"},"content":{"rendered":"\n<p>O presidente do Congresso, senador Davi Alcolumbre, disse nesta ter\u00e7a-feira (29) que decidiu cancelar a reuni\u00e3o de instala\u00e7\u00e3o da Comiss\u00e3o Mista de Or\u00e7amento (CMO) \u201cpara evitar conflito\u201d. A elei\u00e7\u00e3o do presidente do colegiado e a indica\u00e7\u00e3o dos relatores dos projetos da Lei de Diretrizes Or\u00e7ament\u00e1rias (<a href=\"http:\/\/www.congressonacional.leg.br\/materias\/pesquisa\/-\/materia\/141576\">LDO &#8211; PLN 9\/2020<\/a>) e da Lei Or\u00e7ament\u00e1ria Anual (<a href=\"http:\/\/www.congressonacional.leg.br\/materias\/pesquisa\/-\/materia\/144429\">LOA &#8211; PLN 28\/2020<\/a>) de 2021 foram adiadas para a pr\u00f3xima ter\u00e7a-feira (6).<\/p>\n\n\n\n<p>De acordo com Davi, l\u00edderes partid\u00e1rios questionaram o m\u00e9todo definido pelo presidente da C\u00e2mara, Rodrigo Maia, para a distribui\u00e7\u00e3o de vagas entre os deputados. Segundo esse crit\u00e9rio, Pros e PSC ficariam sem representa\u00e7\u00e3o na CMO. Embora a regra tenha o aval das consultorias do colegiado e do Congresso Nacional, o presidente avalia que a diverg\u00eancia \u201c\u00e9 um debate leg\u00edtimo\u201d.<\/p>\n\n\n\n<p>\u2014 De fato, a consultoria tem um entendimento. Mas houve a discord\u00e2ncia de alguns deputados. Como a gente sabe que a CMO funciona sempre buscando o consenso, pelo menos a maioria para deliberar, para n\u00e3o haver conflito, a gente adiou por uma semana. Na pr\u00f3xima semana, vamos instalar a comiss\u00e3o. Se n\u00e3o tiver esse entendimento para votar por unanimidade o presidente e os relatores da LDO e da LOA, a gente vai para o voto. A\u00ed, quem tiver voto vai fazer o presidente \u2014 explicou.<\/p>\n\n\n\n<p>Davi lembrou tamb\u00e9m que, por conta da pandemia de coronav\u00edrus, a CMO ter\u00e1 apenas 60 dias de trabalhos em 2020. Ele afirmou que, caso o impasse sobre a indica\u00e7\u00e3o de parlamentares do Pros e do PSC seja superado, os parlamentares devem aprovar a indica\u00e7\u00e3o do deputado Elmar Nascimento (DEM-BA) para a presid\u00eancia do colegiado. A comiss\u00e3o \u00e9 composta por 42 parlamentares titulares, sendo 31 deputados e 11 senadores.<\/p>\n\n\n\n<p>Fonte: Ag\u00eancia Senado<\/p>\n","protected":false},"excerpt":{"rendered":"<p>O presidente do Congresso, senador Davi Alcolumbre, disse nesta ter\u00e7a-feira (29) que decidiu cancelar a<\/p>\n","protected":false},"author":2,"featured_media":1575,"comment_status":"open","ping_status":"open","sticky":false,"template":"","format":"standard","meta":{"footnotes":""},"categories":[15],"tags":[],"class_list":["post-1574","post","type-post","status-publish","format-standard","has-post-thumbnail","hentry","category-politica"],"_links":{"self":[{"href":"https:\/\/tvc16.com\/portal\/wp-json\/wp\/v2\/posts\/1574","targetHints":{"allow":["GET"]}}],"collection":[{"href":"https:\/\/tvc16.com\/portal\/wp-json\/wp\/v2\/posts"}],"about":[{"href":"https:\/\/tvc16.com\/portal\/wp-json\/wp\/v2\/types\/post"}],"author":[{"embeddable":true,"href":"https:\/\/tvc16.com\/portal\/wp-json\/wp\/v2\/users\/2"}],"replies":[{"embeddable":true,"href":"https:\/\/tvc16.com\/portal\/wp-json\/wp\/v2\/comments?post=1574"}],"version-history":[{"count":1,"href":"https:\/\/tvc16.com\/portal\/wp-json\/wp\/v2\/posts\/1574\/revisions"}],"predecessor-version":[{"id":1576,"href":"https:\/\/tvc16.com\/portal\/wp-json\/wp\/v2\/posts\/1574\/revisions\/1576"}],"wp:featuredmedia":[{"embeddable":true,"href":"https:\/\/tvc16.com\/portal\/wp-json\/wp\/v2\/media\/1575"}],"wp:attachment":[{"href":"https:\/\/tvc16.com\/portal\/wp-json\/wp\/v2\/media?parent=1574"}],"wp:term":[{"taxonomy":"category","embeddable":true,"href":"https:\/\/tvc16.com\/portal\/wp-json\/wp\/v2\/categories?post=1574"},{"taxonomy":"post_tag","embeddable":true,"href":"https:\/\/tvc16.com\/portal\/wp-json\/wp\/v2\/tags?post=1574"}],"curies":[{"name":"wp","href":"https:\/\/api.w.org\/{rel}","templated":true}]}}