{"id":1577,"date":"2020-09-29T17:33:03","date_gmt":"2020-09-29T17:33:03","guid":{"rendered":"https:\/\/tvc16.com\/portal\/?p=1577"},"modified":"2020-09-29T17:33:03","modified_gmt":"2020-09-29T17:33:03","slug":"projeto-preve-meia-entrada-para-pessoa-com-deficiencia-em-unidades-ambientais","status":"publish","type":"post","link":"https:\/\/tvc16.com\/portal\/2020\/09\/29\/projeto-preve-meia-entrada-para-pessoa-com-deficiencia-em-unidades-ambientais\/","title":{"rendered":"Projeto prev\u00ea meia entrada para pessoa com defici\u00eancia em unidades ambientais"},"content":{"rendered":"\n<p>J\u00e1 pode ser votado em Plen\u00e1rio um projeto que prev\u00ea que pessoas com defici\u00eancia ter\u00e3o direito ao pagamento de meia-entrada no ingresso e na utiliza\u00e7\u00e3o de servi\u00e7os em unidades integradas de prote\u00e7\u00e3o ambiental, como esta\u00e7\u00f5es ecol\u00f3gicas, reservas biol\u00f3gicas e parques nacionais.<\/p>\n\n\n\n<p>Segundo o autor, senador Paulo Paim (PT-RS), o&nbsp;<a href=\"http:\/\/www25.senado.leg.br\/web\/atividade\/materias\/-\/materia\/144664\">PL 4.551\/2020<\/a>&nbsp; tem a inten\u00e7\u00e3o de preservar o direito de acesso da pessoa com defici\u00eancia a essas unidades, cuja explora\u00e7\u00e3o come\u00e7a a ser concedida a institui\u00e7\u00f5es privadas.<\/p>\n\n\n\n<p>\u201cAs pessoas com defici\u00eancia, em especial aquelas de baixa renda, ver\u00e3o desaparecer defronte de seus olhos as belezas da natureza brasileira (natureza que \u00e9 delas mesmas), \u00e0 qual n\u00e3o mais poder\u00e3o ter acesso. Isso n\u00e3o \u00e9 razo\u00e1vel perante todo o esfor\u00e7o feito nos \u00faltimos anos\u201d, afirma Paim na justificativa do projeto.<\/p>\n\n\n\n<p>Desde o in\u00edcio do governo Bolsonaro, o Minist\u00e9rio do Meio Ambiente tem autorizado a concess\u00e3o \u00e0 iniciativa privada de unidades de preserva\u00e7\u00e3o administradas pelo Instituto Chico Mendes de Conserva\u00e7\u00e3o da Biodiversidade (ICMBio). Entre outras unidades, j\u00e1 foram inclu\u00eddas no Programa de Parcerias de Investimentos (PPI) tr\u00eas florestas no Amazonas (Humait\u00e1, Iquiri, e Castanho ) e os Parques Nacionais de Bras\u00edlia e de S\u00e3o Joaquim (SC).<\/p>\n\n\n\n<p>O projeto&nbsp;altera a lei que instituiu<a href=\"http:\/\/www.planalto.gov.br\/ccivil_03\/leis\/L9985.htm#:~:text=LEI%20No%209.985%2C%20DE%2018%20DE%20JULHO%20DE%202000.&amp;text=Regulamenta%20o%20art.,Natureza%20e%20d%C3%A1%20outras%20provid%C3%AAncias.&amp;text=Art.,-1o%20Esta\">&nbsp;o Sistema Nacional de Unidades de Conserva\u00e7\u00e3o da Natureza<\/a>&nbsp;e o&nbsp;<a href=\"http:\/\/www.planalto.gov.br\/ccivil_03\/_ato2015-2018\/2015\/lei\/l13146.htm\">Estatuto da Pessoa com Defici\u00eancia<\/a>.&nbsp;<\/p>\n\n\n\n<p>Fonte: Ag\u00eancia Senado<\/p>\n","protected":false},"excerpt":{"rendered":"<p>J\u00e1 pode ser votado em Plen\u00e1rio um projeto que prev\u00ea que pessoas com defici\u00eancia ter\u00e3o<\/p>\n","protected":false},"author":2,"featured_media":1578,"comment_status":"open","ping_status":"open","sticky":false,"template":"","format":"standard","meta":{"footnotes":""},"categories":[17],"tags":[],"class_list":["post-1577","post","type-post","status-publish","format-standard","has-post-thumbnail","hentry","category-outras-noticias"],"_links":{"self":[{"href":"https:\/\/tvc16.com\/portal\/wp-json\/wp\/v2\/posts\/1577","targetHints":{"allow":["GET"]}}],"collection":[{"href":"https:\/\/tvc16.com\/portal\/wp-json\/wp\/v2\/posts"}],"about":[{"href":"https:\/\/tvc16.com\/portal\/wp-json\/wp\/v2\/types\/post"}],"author":[{"embeddable":true,"href":"https:\/\/tvc16.com\/portal\/wp-json\/wp\/v2\/users\/2"}],"replies":[{"embeddable":true,"href":"https:\/\/tvc16.com\/portal\/wp-json\/wp\/v2\/comments?post=1577"}],"version-history":[{"count":1,"href":"https:\/\/tvc16.com\/portal\/wp-json\/wp\/v2\/posts\/1577\/revisions"}],"predecessor-version":[{"id":1579,"href":"https:\/\/tvc16.com\/portal\/wp-json\/wp\/v2\/posts\/1577\/revisions\/1579"}],"wp:featuredmedia":[{"embeddable":true,"href":"https:\/\/tvc16.com\/portal\/wp-json\/wp\/v2\/media\/1578"}],"wp:attachment":[{"href":"https:\/\/tvc16.com\/portal\/wp-json\/wp\/v2\/media?parent=1577"}],"wp:term":[{"taxonomy":"category","embeddable":true,"href":"https:\/\/tvc16.com\/portal\/wp-json\/wp\/v2\/categories?post=1577"},{"taxonomy":"post_tag","embeddable":true,"href":"https:\/\/tvc16.com\/portal\/wp-json\/wp\/v2\/tags?post=1577"}],"curies":[{"name":"wp","href":"https:\/\/api.w.org\/{rel}","templated":true}]}}