{"id":1580,"date":"2020-09-29T17:35:36","date_gmt":"2020-09-29T17:35:36","guid":{"rendered":"https:\/\/tvc16.com\/portal\/?p=1580"},"modified":"2020-09-29T17:35:36","modified_gmt":"2020-09-29T17:35:36","slug":"senadores-reagem-com-projeto-e-acao-no-stf-para-proteger-manguezais-e-restingas","status":"publish","type":"post","link":"https:\/\/tvc16.com\/portal\/2020\/09\/29\/senadores-reagem-com-projeto-e-acao-no-stf-para-proteger-manguezais-e-restingas\/","title":{"rendered":"Senadores reagem com projeto e a\u00e7\u00e3o no STF para proteger manguezais e restingas"},"content":{"rendered":"\n<p>Senadores reagiram \u00e0s mudan\u00e7as nas regras de prote\u00e7\u00e3o das \u00e1reas de manguezais e restingas e tentam reverter a decis\u00e3o do Conselho Nacional do Meio Ambiente (Conama) desta segunda-feira (28) de revogar duas resolu\u00e7\u00f5es que delimitavam faixas de prote\u00e7\u00e3o permanente em \u00e1reas de vegeta\u00e7\u00e3o do litoral brasileiro e ao redor de represas.<\/p>\n\n\n\n<p>Al\u00e9m de questionamentos no Supremo Tribunal Federal (STF), senadores podem derrubar a decis\u00e3o por meio de um projeto de decreto legislativo. O senador Jaques Wagner (PT-BA) anunciou nesta ter\u00e7a-feira (29) que apresentou o projeto para anular o que ele classificou como \u201ccrime ambiental promovido pelo governo\u201d.<\/p>\n\n\n\n<p>\u201cVou trabalhar para aprovar esse projeto no Senado e restabelecermos medidas de prote\u00e7\u00e3o. Esse ministro [Ricardo Salles] entra para a hist\u00f3ria como ministro contra o meio ambiente\u201d, afirmou.<\/p>\n\n\n\n<p>Uma das normas revogadas pelo Conama \u2014 presidido pelo ministro do Meio Ambiente, Ricardo Salles \u2014 foi a resolu\u00e7\u00e3o 302\/2002, que delimitava como \u00e1rea de prote\u00e7\u00e3o permanente (APP), por exemplo, uma faixa de 30 metros ao redor de reservat\u00f3rios artificiais em \u00e1reas urbanas, e de 100 metros em \u00e1reas rurais. A resolu\u00e7\u00e3o 303\/2002, tamb\u00e9m revogada, previa uma faixa de prote\u00e7\u00e3o m\u00ednima de 300 metros em \u00e1reas de restinga do litoral e sobre toda a extens\u00e3o dos manguezais. A norma tamb\u00e9m estabelecia faixas menores ao redor de lagos e nascentes.<\/p>\n\n\n\n<p>A Rede entrou com a\u00e7\u00e3o no Supremo para que seja declarada a inconstitucionalidade da nova resolu\u00e7\u00e3o do Conama, de n\u00famero 500, norma que revogou as duas resolu\u00e7\u00f5es.<\/p>\n\n\n\n<p>\u201cMeu partido, pediu ao STF que seja declarada inconstitucional a resolu\u00e7\u00e3o do Conama que abre a porteira da explora\u00e7\u00e3o comercial em \u00e1reas de manguezais e restingas. E acionarei a Justi\u00e7a para anular as decis\u00f5es absurdas do Conama\u201d, escreveu o senador Fabiano Contarato (Rede-ES), presidente da Comiss\u00e3o de Meio Ambiente (CMA).<\/p>\n\n\n\n<p>&#8220;N\u00e3o vamos permitir que Salles continue passando sua boiada&#8221;, apontou o l\u00edder da Rede no Senado, Randolfe Rodrigues (AP), em refer\u00eancia \u00e0 express\u00e3o usada pelo ministro do Meio Ambiente em reuni\u00e3o ministerial de 22 de abril em que ele afirmou que pretendia &#8220;ir passando a boiada e mudando todo o regramento e simplificando normas&#8221;.&nbsp;<\/p>\n\n\n\n<h3 class=\"wp-block-heading\"><strong>Especula\u00e7\u00e3o imobili\u00e1ria<\/strong><\/h3>\n\n\n\n<p>Coordenadora da Frente Ambientalista no Senado, Eliziane Gama (Cidadania-MA) afirmou que a revoga\u00e7\u00e3o das resolu\u00e7\u00f5es abre espa\u00e7o para a especula\u00e7\u00e3o imobili\u00e1ria nas faixas de vegeta\u00e7\u00e3o da praias e a ocupa\u00e7\u00e3o de mangues.<\/p>\n\n\n\n<p>\u201cCom o controle do Conama nas m\u00e3os, o Minist\u00e9rio do Meio Ambiente avan\u00e7a na nega\u00e7\u00e3o da pol\u00edtica ambiental brasileira\u201d, criticou a senadora.<\/p>\n\n\n\n<p>O senador Humberto Costa (PT-PE) classificou como inaceit\u00e1vel a atua\u00e7\u00e3o do Conama contra o Meio Ambiente.<\/p>\n\n\n\n<p>&#8220;A boiada est\u00e1 passando por todos os lados. Eles querem destruir todas as nossas riquezas&#8221;, disse.<\/p>\n\n\n\n<p>Fonte: Ag\u00eancia Senado<\/p>\n","protected":false},"excerpt":{"rendered":"<p>Senadores reagiram \u00e0s mudan\u00e7as nas regras de prote\u00e7\u00e3o das \u00e1reas de manguezais e restingas e<\/p>\n","protected":false},"author":2,"featured_media":1581,"comment_status":"open","ping_status":"open","sticky":false,"template":"","format":"standard","meta":{"footnotes":""},"categories":[17],"tags":[],"class_list":["post-1580","post","type-post","status-publish","format-standard","has-post-thumbnail","hentry","category-outras-noticias"],"_links":{"self":[{"href":"https:\/\/tvc16.com\/portal\/wp-json\/wp\/v2\/posts\/1580","targetHints":{"allow":["GET"]}}],"collection":[{"href":"https:\/\/tvc16.com\/portal\/wp-json\/wp\/v2\/posts"}],"about":[{"href":"https:\/\/tvc16.com\/portal\/wp-json\/wp\/v2\/types\/post"}],"author":[{"embeddable":true,"href":"https:\/\/tvc16.com\/portal\/wp-json\/wp\/v2\/users\/2"}],"replies":[{"embeddable":true,"href":"https:\/\/tvc16.com\/portal\/wp-json\/wp\/v2\/comments?post=1580"}],"version-history":[{"count":1,"href":"https:\/\/tvc16.com\/portal\/wp-json\/wp\/v2\/posts\/1580\/revisions"}],"predecessor-version":[{"id":1582,"href":"https:\/\/tvc16.com\/portal\/wp-json\/wp\/v2\/posts\/1580\/revisions\/1582"}],"wp:featuredmedia":[{"embeddable":true,"href":"https:\/\/tvc16.com\/portal\/wp-json\/wp\/v2\/media\/1581"}],"wp:attachment":[{"href":"https:\/\/tvc16.com\/portal\/wp-json\/wp\/v2\/media?parent=1580"}],"wp:term":[{"taxonomy":"category","embeddable":true,"href":"https:\/\/tvc16.com\/portal\/wp-json\/wp\/v2\/categories?post=1580"},{"taxonomy":"post_tag","embeddable":true,"href":"https:\/\/tvc16.com\/portal\/wp-json\/wp\/v2\/tags?post=1580"}],"curies":[{"name":"wp","href":"https:\/\/api.w.org\/{rel}","templated":true}]}}