{"id":1600,"date":"2020-09-30T11:44:11","date_gmt":"2020-09-30T11:44:11","guid":{"rendered":"https:\/\/tvc16.com\/portal\/?p=1600"},"modified":"2020-09-30T11:44:11","modified_gmt":"2020-09-30T11:44:11","slug":"nova-york-vai-multar-quem-se-recusar-a-usar-mascara","status":"publish","type":"post","link":"https:\/\/tvc16.com\/portal\/2020\/09\/30\/nova-york-vai-multar-quem-se-recusar-a-usar-mascara\/","title":{"rendered":"Nova York vai multar quem se recusar a usar m\u00e1scara"},"content":{"rendered":"\n<p>Medida \u00e9 adotada ap\u00f3s aumento de casos do novo coronav\u00edrus<\/p>\n\n\n\n<p>A cidade de Nova York vai impor multas \u00e0s pessoas que se recusarem a usar m\u00e1scara, no momento em que a taxa de testes positivos para o novo coronav\u00edrus subiu&nbsp;acima de 3% pela primeira vez em meses, disse o prefeito Bill de Blasio nessa&nbsp;ter\u00e7a-feira (29).<img decoding=\"async\" src=\"https:\/\/agenciabrasil.ebc.com.br\/ebc.png?id=1389311&amp;o=node\"><img decoding=\"async\" src=\"https:\/\/agenciabrasil.ebc.com.br\/ebc.gif?id=1389311&amp;o=node\"><\/p>\n\n\n\n<p>Al\u00e9m de Nova York, mais 28 estados est\u00e3o registrando aumento de infec\u00e7\u00f5es pelo novo coronav\u00edrus nas \u00faltimas duas semanas, e as hospitaliza\u00e7\u00f5es pela doen\u00e7a aumentaram em v\u00e1rios estados do meio-oeste.<\/p>\n\n\n\n<p>As autoridades da cidade de Nova York primeiro oferecer\u00e3o m\u00e1scaras gratuitas \u00e0queles que n\u00e3o estiverem usando uma prote\u00e7\u00e3o facial em p\u00fablico. Se a pessoa se recusar,&nbsp;ter\u00e1 que pagar uma multa, afirmou de Blasio \u00e0 imprensa.<\/p>\n\n\n\n<p>&#8220;N\u00e3o queremos multar as pessoas, mas se for necess\u00e1rio, faremos&#8221;, disse ele. A pol\u00edcia municipal e autoridades do Departamento de Sa\u00fade, entre outros, far\u00e3o com que as multas sejam aplicadas, acrescentou.<\/p>\n\n\n\n<p>As multas ser\u00e3o de at\u00e9 US$ 1.000, embora a maioria&nbsp;n\u00e3o ultrapasse US$ 500, informou Mitch Schwartz, porta-voz do prefeito, por&nbsp;<em>e-mail<\/em>. Ele se recusou a dizer se isso se aplicar\u00e1 tamb\u00e9m aos policiais da cidade, alguns dos quais podem ser vistos frequentemente sem m\u00e1scaras, apesar das advert\u00eancias do prefeito.<\/p>\n\n\n\n<p>Uma pol\u00edtica semelhante foi imposta neste m\u00eas pela Autoridade de Transporte Metropolitano, controlada pelo estado, segundo a qual os passageiros que se recusarem a usar m\u00e1scara no transporte p\u00fablico pagam multa de US$ 50.<\/p>\n\n\n\n<p>A taxa di\u00e1ria de testes positivos do novo coronav\u00edrus em toda a cidade foi de 3,25%, de acordo com dados provis\u00f3rios, a primeira vez que ultrapassou 3% desde junho. Em abril, quando a cidade era o epicentro global da pandemia, mais de 5 mil pessoas apresentavam resultados positivos a cada dia, em compara\u00e7\u00e3o com algumas centenas agora, mesmo com os testes sendo mais abrangentes.<\/p>\n\n\n\n<p>Por Gabriella Borter e Jonathan Allen* &#8211; Rep\u00f3rteres da Reuters &#8211; Nova York<\/p>\n\n\n\n<p><em>*Reportagem adicional de Lisa Shumaker e Peter Szekely<\/em><\/p>\n","protected":false},"excerpt":{"rendered":"<p>Medida \u00e9 adotada ap\u00f3s aumento de casos do novo coronav\u00edrus A cidade de Nova York<\/p>\n","protected":false},"author":2,"featured_media":1601,"comment_status":"open","ping_status":"open","sticky":false,"template":"","format":"standard","meta":{"footnotes":""},"categories":[22],"tags":[],"class_list":["post-1600","post","type-post","status-publish","format-standard","has-post-thumbnail","hentry","category-internacional"],"_links":{"self":[{"href":"https:\/\/tvc16.com\/portal\/wp-json\/wp\/v2\/posts\/1600","targetHints":{"allow":["GET"]}}],"collection":[{"href":"https:\/\/tvc16.com\/portal\/wp-json\/wp\/v2\/posts"}],"about":[{"href":"https:\/\/tvc16.com\/portal\/wp-json\/wp\/v2\/types\/post"}],"author":[{"embeddable":true,"href":"https:\/\/tvc16.com\/portal\/wp-json\/wp\/v2\/users\/2"}],"replies":[{"embeddable":true,"href":"https:\/\/tvc16.com\/portal\/wp-json\/wp\/v2\/comments?post=1600"}],"version-history":[{"count":1,"href":"https:\/\/tvc16.com\/portal\/wp-json\/wp\/v2\/posts\/1600\/revisions"}],"predecessor-version":[{"id":1602,"href":"https:\/\/tvc16.com\/portal\/wp-json\/wp\/v2\/posts\/1600\/revisions\/1602"}],"wp:featuredmedia":[{"embeddable":true,"href":"https:\/\/tvc16.com\/portal\/wp-json\/wp\/v2\/media\/1601"}],"wp:attachment":[{"href":"https:\/\/tvc16.com\/portal\/wp-json\/wp\/v2\/media?parent=1600"}],"wp:term":[{"taxonomy":"category","embeddable":true,"href":"https:\/\/tvc16.com\/portal\/wp-json\/wp\/v2\/categories?post=1600"},{"taxonomy":"post_tag","embeddable":true,"href":"https:\/\/tvc16.com\/portal\/wp-json\/wp\/v2\/tags?post=1600"}],"curies":[{"name":"wp","href":"https:\/\/api.w.org\/{rel}","templated":true}]}}