{"id":1606,"date":"2020-09-30T11:47:16","date_gmt":"2020-09-30T11:47:16","guid":{"rendered":"https:\/\/tvc16.com\/portal\/?p=1606"},"modified":"2020-09-30T11:47:16","modified_gmt":"2020-09-30T11:47:16","slug":"venezuelanos-protestam-por-servicos-publicos-e-escassez-de-combustivel","status":"publish","type":"post","link":"https:\/\/tvc16.com\/portal\/2020\/09\/30\/venezuelanos-protestam-por-servicos-publicos-e-escassez-de-combustivel\/","title":{"rendered":"Venezuelanos protestam por servi\u00e7os p\u00fablicos e escassez de combust\u00edvel"},"content":{"rendered":"\n<p>Mais de 100 protestos ocorreram desde o fim de semana<\/p>\n\n\n\n<p>Uma nova rodada de protestos come\u00e7ou na Venezuela, \u00e0 medida que o descontentamento se intensifica no interior quase abandonado do pa\u00eds, devido ao agravamento da escassez de combust\u00edvel e \u00e0 falha constante dos servi\u00e7os p\u00fablicos, disse a organiza\u00e7\u00e3o n\u00e3o governamental (ONG) Observat\u00f3rio Venezuelano de Conflito Social, com sede em Caracas, nessa&nbsp;ter\u00e7a-feira (29).&nbsp;<img decoding=\"async\" src=\"https:\/\/agenciabrasil.ebc.com.br\/ebc.png?id=1389309&amp;o=node\"><img decoding=\"async\" src=\"https:\/\/agenciabrasil.ebc.com.br\/ebc.gif?id=1389309&amp;o=node\"><\/p>\n\n\n\n<p>De acordo com a ONG, mais de 100 protestos ocorreram desde o fim de semana em 19 dos 23 estados venezuelanos para exigir que as autoridades forne\u00e7am \u00e1gua, energia e combust\u00edvel.<\/p>\n\n\n\n<p>A ind\u00fastria petrol\u00edfera, em colapso no pa\u00eds da Opep, n\u00e3o \u00e9 mais capaz de fornecer combust\u00edvel para os venezuelanos, e anos de m\u00e1 gest\u00e3o e corrup\u00e7\u00e3o deixaram em ru\u00ednas grande parte da infraestrutura que transporta&nbsp;energia e \u00e1gua.<\/p>\n\n\n\n<p>Um isolamento rigoroso, imposto pelo presidente Nicol\u00e1s Maduro desde mar\u00e7o por causa da covid-19, limitou ainda mais o movimento e as fontes de renda dos venezuelanos.<\/p>\n\n\n\n<p>No passado, Caracas foi o centro dos movimentos de protesto da Venezuela, mas o governo priorizou as entregas de combust\u00edvel nos postos de gasolina da capital, mantendo as ruas calmas.<\/p>\n\n\n\n<p>No restante do pa\u00eds, os venezuelanos passam dias em filas em busca de gasolina, que muitas vezes nunca chega.<\/p>\n\n\n\n<p>&#8220;Estamos diante de uma nova onda de protestos com a particularidade de que, desta vez, os protagonistas s\u00e3o os que vivem em vilas e cidades do interior da Venezuela&#8221;, disse Marco Ponce, diretor do observat\u00f3rio, em entrevista coletiva&nbsp;<em>online<\/em>.<\/p>\n\n\n\n<p>O governo de Maduro enviou for\u00e7as de seguran\u00e7a para reprimir as manifesta\u00e7\u00f5es, levando a pelo menos 50 pris\u00f5es, afirmou Ponce.<\/p>\n\n\n\n<p>O Minist\u00e9rio da Informa\u00e7\u00e3o da Venezuela n\u00e3o respondeu a um pedido de coment\u00e1rio sobre a declara\u00e7\u00e3o do observat\u00f3rio.<\/p>\n\n\n\n<p>Por Vivian Sequera &#8211; Rep\u00f3rter da Reuters &#8211; Caracas<\/p>\n","protected":false},"excerpt":{"rendered":"<p>Mais de 100 protestos ocorreram desde o fim de semana Uma nova rodada de protestos<\/p>\n","protected":false},"author":2,"featured_media":1607,"comment_status":"open","ping_status":"open","sticky":false,"template":"","format":"standard","meta":{"footnotes":""},"categories":[22],"tags":[],"class_list":["post-1606","post","type-post","status-publish","format-standard","has-post-thumbnail","hentry","category-internacional"],"_links":{"self":[{"href":"https:\/\/tvc16.com\/portal\/wp-json\/wp\/v2\/posts\/1606","targetHints":{"allow":["GET"]}}],"collection":[{"href":"https:\/\/tvc16.com\/portal\/wp-json\/wp\/v2\/posts"}],"about":[{"href":"https:\/\/tvc16.com\/portal\/wp-json\/wp\/v2\/types\/post"}],"author":[{"embeddable":true,"href":"https:\/\/tvc16.com\/portal\/wp-json\/wp\/v2\/users\/2"}],"replies":[{"embeddable":true,"href":"https:\/\/tvc16.com\/portal\/wp-json\/wp\/v2\/comments?post=1606"}],"version-history":[{"count":1,"href":"https:\/\/tvc16.com\/portal\/wp-json\/wp\/v2\/posts\/1606\/revisions"}],"predecessor-version":[{"id":1608,"href":"https:\/\/tvc16.com\/portal\/wp-json\/wp\/v2\/posts\/1606\/revisions\/1608"}],"wp:featuredmedia":[{"embeddable":true,"href":"https:\/\/tvc16.com\/portal\/wp-json\/wp\/v2\/media\/1607"}],"wp:attachment":[{"href":"https:\/\/tvc16.com\/portal\/wp-json\/wp\/v2\/media?parent=1606"}],"wp:term":[{"taxonomy":"category","embeddable":true,"href":"https:\/\/tvc16.com\/portal\/wp-json\/wp\/v2\/categories?post=1606"},{"taxonomy":"post_tag","embeddable":true,"href":"https:\/\/tvc16.com\/portal\/wp-json\/wp\/v2\/tags?post=1606"}],"curies":[{"name":"wp","href":"https:\/\/api.w.org\/{rel}","templated":true}]}}