{"id":1609,"date":"2020-09-30T11:50:41","date_gmt":"2020-09-30T11:50:41","guid":{"rendered":"https:\/\/tvc16.com\/portal\/?p=1609"},"modified":"2020-09-30T11:50:41","modified_gmt":"2020-09-30T11:50:41","slug":"covid-19-brasil-registra-863-obitos-e-32-058-novos-casos-em-24h","status":"publish","type":"post","link":"https:\/\/tvc16.com\/portal\/2020\/09\/30\/covid-19-brasil-registra-863-obitos-e-32-058-novos-casos-em-24h\/","title":{"rendered":"Covid-19: Brasil registra 863 \u00f3bitos e 32.058 novos casos em 24h"},"content":{"rendered":"\n<p>Segundo Minist\u00e9rio da Sa\u00fade, 86,6% dos paciente\u00a0est\u00e3o recuperados<\/p>\n\n\n\n<p>O boletim di\u00e1rio do Minist\u00e9rio da Sa\u00fade, divulgado nesta ter\u00e7a-feira (29), revela que&nbsp;o Brasil registrou 4.777.522 casos confirmados do novo coronav\u00edrus desde o in\u00edcio da pandemia.<img decoding=\"async\" src=\"https:\/\/agenciabrasil.ebc.com.br\/ebc.png?id=1389274&amp;o=node\"><img decoding=\"async\" src=\"https:\/\/agenciabrasil.ebc.com.br\/ebc.gif?id=1389274&amp;o=node\"><\/p>\n\n\n\n<p>Desse total, 2,9% dos casos resultaram em morte (142.921); 10,5% dos pacientes est\u00e3o em tratamento (499.513); e 86,6% dos brasileiros que contra\u00edram covid-19 est\u00e3o recuperados (4.134.088).<\/p>\n\n\n\n<p>Nas \u00faltimas 24 horas, foram registrados 863 \u00f3bitos e 32.058 novos casos confirmados. Os casos s\u00e3o menores aos domingos e segundas-feiras pelas limita\u00e7\u00f5es de alimenta\u00e7\u00e3o da base de dados pelas equipes das secretarias de sa\u00fade. J\u00e1 \u00e0s&nbsp;ter\u00e7as-feiras, o n\u00famero tem sido maior pelo envio dos dados acumulados do fim de semana.<\/p>\n\n\n\n<p>As autoridades de sa\u00fade ainda investigam se&nbsp;outras 2.501&nbsp;mortes foram provocadas por coronav\u00edrus.&nbsp;&nbsp;<\/p>\n\n\n\n<h2 class=\"wp-block-heading\">SP&nbsp;tem melhor&nbsp;ter\u00e7a-feira desde maio<\/h2>\n\n\n\n<p>Nas \u00faltimas 24 horas, o estado de S\u00e3o Paulo contabilizou 266 mortes e 6.377 casos do novo coronav\u00edrus. Com isso, o estado soma, at\u00e9 este momento, 35.391 mortes e 979.519 casos confirmados, desde o in\u00edcio da pandemia.<\/p>\n\n\n\n<p>\u00c0s&nbsp;ter\u00e7as-feiras, por causa de um represamento de dados que ocorre nos finais de semana, o balan\u00e7o de casos e de mortes costuma ser sempre maior, batendo at\u00e9 recordes. Mas&nbsp;hoje&nbsp;(29) o balan\u00e7o de mortes foi o menor j\u00e1 registrado para uma&nbsp;ter\u00e7a-feira desde o dia&nbsp;26 de maio, quando foram registradas 203 mortes. Isso s\u00f3 foi interrompido no dia&nbsp;8 de setembro, que se seguiu ao feriado prolongado de&nbsp;7 de setembro, quando o registro foi&nbsp;de 53 mortes. Mas o balan\u00e7o do&nbsp;dia&nbsp;8 de setembro&nbsp;pode&nbsp;ter&nbsp;sido prejudicado com o represamento de dados ocorrido por causa do feriado.&nbsp;O dia que o estado de S\u00e3o Paulo mais registrou&nbsp;mortes&nbsp;em um \u00fanico dia aconteceu em&nbsp;13 de agosto, quando foram notificados 455 \u00f3bitos.<\/p>\n\n\n\n<p>Do total de casos diagnosticados, 847.418 pessoas est\u00e3o recuperadas, sendo 107.415 ap\u00f3s interna\u00e7\u00e3o.<\/p>\n\n\n\n<p>H\u00e1 9.076 pacientes internados em casos suspeitos ou confirmados do novo coronav\u00edrus, sendo que 3.954 deles est\u00e3o em estado grave.&nbsp;A taxa de ocupa\u00e7\u00e3o de leitos de unidades de terapia intensiva (UTI) \u00e9 de 44,4% em todo o estado e de 42,9% na Grande S\u00e3o Paulo.<\/p>\n\n\n\n<h2 class=\"wp-block-heading\">Onde h\u00e1 mais casos de covid-19 no Brasil<\/h2>\n\n\n\n<p><em>*Casos acumulados desde o in\u00edcio da pandemia<\/em><\/p>\n\n\n\n<p>S\u00e3o Paulo = 979.519<\/p>\n\n\n\n<p>Bahia = 308.252<\/p>\n\n\n\n<p>Minas Gerais = 292.291<\/p>\n\n\n\n<p>Rio de Janeiro =&nbsp;263.699<\/p>\n\n\n\n<p>Cear\u00e1 = 239.497<\/p>\n\n\n\n<h2 class=\"wp-block-heading\">Onde h\u00e1 mais mortes por covid-19 no Brasil&nbsp;<\/h2>\n\n\n\n<p>S\u00e3o Paulo = 35.391<\/p>\n\n\n\n<p>Rio de Janeiro = 18.388<\/p>\n\n\n\n<p>Cear\u00e1 = 8.950<\/p>\n\n\n\n<p>Pernambuco = 8.222<\/p>\n\n\n\n<p>Minas Gerais = 7.259<\/p>\n\n\n\n<figure class=\"wp-block-image\"><img decoding=\"async\" src=\"https:\/\/imagens.ebc.com.br\/uX-FUVZCfmU_35WhRl5LFzEEwiA=\/754x0\/smart\/https:\/\/agenciabrasil.ebc.com.br\/sites\/default\/files\/thumbnails\/image\/whatsapp_image_2020-09-29_at_18.35.34.jpeg?itok=xIrhcmkt\" alt=\"Boletim epidemiol\u00f3gico covid-19\" title=\"Minist\u00e9rio da Sa\u00fade\"\/><\/figure>\n\n\n\n<h6 class=\"wp-block-heading\">Boletim epidemiol\u00f3gico covid-19 &#8211;&nbsp;<strong>Minist\u00e9rio da Sa\u00fade<\/strong><\/h6>\n\n\n\n<p>Por Elaine Patricia Cruz \u2013 Rep\u00f3rter da Ag\u00eancia Brasil &#8211; S\u00e3o Paulo<\/p>\n\n\n\n<p>Edi\u00e7\u00e3o: Liliane Farias<\/p>\n","protected":false},"excerpt":{"rendered":"<p>Segundo Minist\u00e9rio da Sa\u00fade, 86,6% dos paciente\u00a0est\u00e3o recuperados O boletim di\u00e1rio do Minist\u00e9rio da Sa\u00fade,<\/p>\n","protected":false},"author":2,"featured_media":1610,"comment_status":"open","ping_status":"open","sticky":false,"template":"","format":"standard","meta":{"footnotes":""},"categories":[14],"tags":[],"class_list":["post-1609","post","type-post","status-publish","format-standard","has-post-thumbnail","hentry","category-pais"],"_links":{"self":[{"href":"https:\/\/tvc16.com\/portal\/wp-json\/wp\/v2\/posts\/1609","targetHints":{"allow":["GET"]}}],"collection":[{"href":"https:\/\/tvc16.com\/portal\/wp-json\/wp\/v2\/posts"}],"about":[{"href":"https:\/\/tvc16.com\/portal\/wp-json\/wp\/v2\/types\/post"}],"author":[{"embeddable":true,"href":"https:\/\/tvc16.com\/portal\/wp-json\/wp\/v2\/users\/2"}],"replies":[{"embeddable":true,"href":"https:\/\/tvc16.com\/portal\/wp-json\/wp\/v2\/comments?post=1609"}],"version-history":[{"count":1,"href":"https:\/\/tvc16.com\/portal\/wp-json\/wp\/v2\/posts\/1609\/revisions"}],"predecessor-version":[{"id":1611,"href":"https:\/\/tvc16.com\/portal\/wp-json\/wp\/v2\/posts\/1609\/revisions\/1611"}],"wp:featuredmedia":[{"embeddable":true,"href":"https:\/\/tvc16.com\/portal\/wp-json\/wp\/v2\/media\/1610"}],"wp:attachment":[{"href":"https:\/\/tvc16.com\/portal\/wp-json\/wp\/v2\/media?parent=1609"}],"wp:term":[{"taxonomy":"category","embeddable":true,"href":"https:\/\/tvc16.com\/portal\/wp-json\/wp\/v2\/categories?post=1609"},{"taxonomy":"post_tag","embeddable":true,"href":"https:\/\/tvc16.com\/portal\/wp-json\/wp\/v2\/tags?post=1609"}],"curies":[{"name":"wp","href":"https:\/\/api.w.org\/{rel}","templated":true}]}}