{"id":161,"date":"2020-07-17T09:43:24","date_gmt":"2020-07-17T09:43:24","guid":{"rendered":"https:\/\/tvc16.com\/portal\/?p=161"},"modified":"2020-07-17T11:22:28","modified_gmt":"2020-07-17T11:22:28","slug":"menos-de-30-do-valor-total-do-contrato-para-implementacao-do-sistema-integrado-de-gestao-administrativa-siga-foi-pago-ate-o-momento","status":"publish","type":"post","link":"https:\/\/tvc16.com\/portal\/2020\/07\/17\/menos-de-30-do-valor-total-do-contrato-para-implementacao-do-sistema-integrado-de-gestao-administrativa-siga-foi-pago-ate-o-momento\/","title":{"rendered":"Menos de 30% do valor total do contrato para implementa\u00e7\u00e3o do Sistema Integrado de Gest\u00e3o Administrativa (SIGA) foi pago at\u00e9 o momento"},"content":{"rendered":"\n<p>Duas medi\u00e7\u00f5es foram quitadas com a empresa respons\u00e1vel pelo servi\u00e7o. A implementa\u00e7\u00e3o do Sistema Integrado de Gest\u00e3o Administrativa (SIGA) est\u00e1 em andamento. At\u00e9 o momento, duas medi\u00e7\u00f5es foram quitadas pelo governo municipal, o que representa menos de 30% do valor total do contrato. A empresa Link Data Inform\u00e1tica e Servi\u00e7os S\/A, vencedora do certame licitat\u00f3rio para o fornecimento do sistema de gerenciamento integrado, j\u00e1 adiantou diversas etapas do processo, que permitir\u00e1 ao governo otimizar os tr\u00e2mites processuais, reduzir custos na compra de materiais de consumo e agilizar a troca de informa\u00e7\u00f5es entre as secretarias e \u00f3rg\u00e3os municipais, que ganhar\u00e1 em economicidade e efici\u00eancia.De mar\u00e7o a maio deste ano j\u00e1 foram conclu\u00eddas seis etapas do processo. A primeira foi a instala\u00e7\u00e3o e configura\u00e7\u00e3o do ambiente tecnol\u00f3gico do m\u00f3dulo do almoxarifado e a entrega e licen\u00e7a de uso. A segunda etapa consistiu na instala\u00e7\u00e3o e configura\u00e7\u00e3o do ambiente tecnol\u00f3gico dos m\u00f3dulos de compras, contratos e registros de pre\u00e7os. A terceira etapa se focou na instala\u00e7\u00e3o e configura\u00e7\u00e3o do ambiente tecnol\u00f3gico dos m\u00f3dulos de patrim\u00f4nio mobili\u00e1rio, imobili\u00e1rio e transportes.O servi\u00e7o do quarto segmento foi a disponibiliza\u00e7\u00e3o na intranet da prefeitura dos m\u00f3dulos instalados e o acesso do sistema SIGA aos usu\u00e1rios habilitados. A quinta etapa conclu\u00edda foi a migra\u00e7\u00e3o e convers\u00e3o de dados do m\u00f3dulo de patrim\u00f4nio mobili\u00e1rio com a an\u00e1lise e qualifica\u00e7\u00e3o de dados, al\u00e9m da adequa\u00e7\u00e3o e padroniza\u00e7\u00e3o de dados e configura\u00e7\u00e3o de tabelas corporativas. E a sexta e \u00faltima etapa foi a concilia\u00e7\u00e3o cont\u00e1bil e financeira base migrada com valores 100% validados com a presta\u00e7\u00e3o de contas enviadas ao TCE-RJ em dezembro do ano passado e contas cont\u00e1beis em paridade com os dados auditados pelo TCE-RJ em dezembro de 2019.O sistema foi implementado por meio do Programa Nacional de Apoio \u00e0 Gest\u00e3o Administrativa e Fiscal dos Munic\u00edpios Brasileiros (PNAFM), ap\u00f3s o conv\u00eanio firmado com a Caixa Econ\u00f4mica no ano passado. O recurso \u00e9 proveniente do Banco Interamericano de Desenvolvimento (BID). O PNAFM pode ser aplicado em qualquer um dos munic\u00edpios brasileiros.<\/p>\n","protected":false},"excerpt":{"rendered":"<p>Duas medi\u00e7\u00f5es foram quitadas com a empresa respons\u00e1vel pelo servi\u00e7o. A implementa\u00e7\u00e3o do Sistema Integrado<\/p>\n","protected":false},"author":1,"featured_media":162,"comment_status":"closed","ping_status":"closed","sticky":false,"template":"","format":"standard","meta":{"footnotes":""},"categories":[14],"tags":[],"class_list":["post-161","post","type-post","status-publish","format-standard","has-post-thumbnail","hentry","category-pais"],"_links":{"self":[{"href":"https:\/\/tvc16.com\/portal\/wp-json\/wp\/v2\/posts\/161","targetHints":{"allow":["GET"]}}],"collection":[{"href":"https:\/\/tvc16.com\/portal\/wp-json\/wp\/v2\/posts"}],"about":[{"href":"https:\/\/tvc16.com\/portal\/wp-json\/wp\/v2\/types\/post"}],"author":[{"embeddable":true,"href":"https:\/\/tvc16.com\/portal\/wp-json\/wp\/v2\/users\/1"}],"replies":[{"embeddable":true,"href":"https:\/\/tvc16.com\/portal\/wp-json\/wp\/v2\/comments?post=161"}],"version-history":[{"count":1,"href":"https:\/\/tvc16.com\/portal\/wp-json\/wp\/v2\/posts\/161\/revisions"}],"predecessor-version":[{"id":163,"href":"https:\/\/tvc16.com\/portal\/wp-json\/wp\/v2\/posts\/161\/revisions\/163"}],"wp:featuredmedia":[{"embeddable":true,"href":"https:\/\/tvc16.com\/portal\/wp-json\/wp\/v2\/media\/162"}],"wp:attachment":[{"href":"https:\/\/tvc16.com\/portal\/wp-json\/wp\/v2\/media?parent=161"}],"wp:term":[{"taxonomy":"category","embeddable":true,"href":"https:\/\/tvc16.com\/portal\/wp-json\/wp\/v2\/categories?post=161"},{"taxonomy":"post_tag","embeddable":true,"href":"https:\/\/tvc16.com\/portal\/wp-json\/wp\/v2\/tags?post=161"}],"curies":[{"name":"wp","href":"https:\/\/api.w.org\/{rel}","templated":true}]}}