{"id":1618,"date":"2020-09-30T11:56:00","date_gmt":"2020-09-30T11:56:00","guid":{"rendered":"https:\/\/tvc16.com\/portal\/?p=1618"},"modified":"2020-09-30T11:56:00","modified_gmt":"2020-09-30T11:56:00","slug":"ate-2o-turno-site-da-justica-eleitoral-nao-gastara-pacote-de-dados","status":"publish","type":"post","link":"https:\/\/tvc16.com\/portal\/2020\/09\/30\/ate-2o-turno-site-da-justica-eleitoral-nao-gastara-pacote-de-dados\/","title":{"rendered":"At\u00e9 2\u00ba turno, site da Justi\u00e7a Eleitoral n\u00e3o gastar\u00e1 pacote de dados"},"content":{"rendered":"\n<p>Participam do acordo operadoras Claro, Vivo, Oi, Tim e Algar Telecom<\/p>\n\n\n\n<p>O Tribunal Superior Eleitoral (TSE) firmou hoje (29) uma parceria com operadoras de telefonia celular para o fornecimento de acesso gratuito ao portal da Justi\u00e7a Eleitoral at\u00e9 o segundo turno das elei\u00e7\u00f5es municipais, em 29 de novembro.<img decoding=\"async\" src=\"https:\/\/agenciabrasil.ebc.com.br\/ebc.png?id=1389262&amp;o=node\"><img decoding=\"async\" src=\"https:\/\/agenciabrasil.ebc.com.br\/ebc.gif?id=1389262&amp;o=node\"><\/p>\n\n\n\n<p>Com a parceria, os eleitores poder\u00e3o navegar pelas p\u00e1ginas e acessar os servi\u00e7os da Justi\u00e7a Eleitoral na internet sem consumir seu pacote de dados. Participam do acordo as operadoras Claro, Vivo, Oi, Tim e Algar Telecom.<\/p>\n\n\n\n<p>De acordo com Lu\u00eds Roberto Barroso, presidente do TSE, a inciativa busca aumentar o acesso de grande parte dos eleitores, que possuem pacotes de dados limitados, a informa\u00e7\u00f5es fidedignas sobre o processo eleitoral, combatendo \u201cessa epidemia de not\u00edcias falsas\u201d, disse o ministro.<\/p>\n\n\n\n<p>O acordo foi firmado nesta ter\u00e7a-feira (29) junto \u00e0 Conexis Brasil, entidade representativa das operadoras de telecomunica\u00e7\u00f5es.<\/p>\n\n\n\n<p>Por Ag\u00eancia Brasil &#8211; Bras\u00edlia<\/p>\n\n\n\n<p>Edi\u00e7\u00e3o: F\u00e1bio Massalli<\/p>\n","protected":false},"excerpt":{"rendered":"<p>Participam do acordo operadoras Claro, Vivo, Oi, Tim e Algar Telecom O Tribunal Superior Eleitoral<\/p>\n","protected":false},"author":2,"featured_media":1619,"comment_status":"open","ping_status":"open","sticky":false,"template":"","format":"standard","meta":{"footnotes":""},"categories":[15],"tags":[],"class_list":["post-1618","post","type-post","status-publish","format-standard","has-post-thumbnail","hentry","category-politica"],"_links":{"self":[{"href":"https:\/\/tvc16.com\/portal\/wp-json\/wp\/v2\/posts\/1618","targetHints":{"allow":["GET"]}}],"collection":[{"href":"https:\/\/tvc16.com\/portal\/wp-json\/wp\/v2\/posts"}],"about":[{"href":"https:\/\/tvc16.com\/portal\/wp-json\/wp\/v2\/types\/post"}],"author":[{"embeddable":true,"href":"https:\/\/tvc16.com\/portal\/wp-json\/wp\/v2\/users\/2"}],"replies":[{"embeddable":true,"href":"https:\/\/tvc16.com\/portal\/wp-json\/wp\/v2\/comments?post=1618"}],"version-history":[{"count":1,"href":"https:\/\/tvc16.com\/portal\/wp-json\/wp\/v2\/posts\/1618\/revisions"}],"predecessor-version":[{"id":1620,"href":"https:\/\/tvc16.com\/portal\/wp-json\/wp\/v2\/posts\/1618\/revisions\/1620"}],"wp:featuredmedia":[{"embeddable":true,"href":"https:\/\/tvc16.com\/portal\/wp-json\/wp\/v2\/media\/1619"}],"wp:attachment":[{"href":"https:\/\/tvc16.com\/portal\/wp-json\/wp\/v2\/media?parent=1618"}],"wp:term":[{"taxonomy":"category","embeddable":true,"href":"https:\/\/tvc16.com\/portal\/wp-json\/wp\/v2\/categories?post=1618"},{"taxonomy":"post_tag","embeddable":true,"href":"https:\/\/tvc16.com\/portal\/wp-json\/wp\/v2\/tags?post=1618"}],"curies":[{"name":"wp","href":"https:\/\/api.w.org\/{rel}","templated":true}]}}