{"id":1621,"date":"2020-09-30T11:57:21","date_gmt":"2020-09-30T11:57:21","guid":{"rendered":"https:\/\/tvc16.com\/portal\/?p=1621"},"modified":"2020-09-30T11:57:21","modified_gmt":"2020-09-30T11:57:21","slug":"camara-aprova-mp-que-destina-r-4489-bilhoes-para-combate-a-covid-19","status":"publish","type":"post","link":"https:\/\/tvc16.com\/portal\/2020\/09\/30\/camara-aprova-mp-que-destina-r-4489-bilhoes-para-combate-a-covid-19\/","title":{"rendered":"C\u00e2mara aprova MP que destina R$ 4,489 bilh\u00f5es para combate \u00e0 covid-19"},"content":{"rendered":"\n<p>Texto ainda precisa ser aprovado pelo Senado<\/p>\n\n\n\n<p>A C\u00e2mara dos Deputados aprovou hoje (29) a Medida Provis\u00f3ria (MP) 976\/20 que destina R$ 4,489 bilh\u00f5es ao Minist\u00e9rio da Sa\u00fade para a\u00e7\u00f5es de combate \u00e0 pandemia de covid-19.<img decoding=\"async\" src=\"https:\/\/agenciabrasil.ebc.com.br\/ebc.png?id=1389302&amp;o=node\"><img decoding=\"async\" src=\"https:\/\/agenciabrasil.ebc.com.br\/ebc.gif?id=1389302&amp;o=node\"><\/p>\n\n\n\n<p>A mat\u00e9ria segue para o Senado e precisa ser votada at\u00e9 quinta-feira (1\u00ba) para n\u00e3o perder a validade. O texto foi aprovado sem mudan\u00e7as na proposta original, editada pelo governo em junho.<\/p>\n\n\n\n<p>Do total dos recursos, R$ 4,469 bilh\u00f5es ser\u00e3o destinados \u00e0 a\u00e7\u00f5es de aten\u00e7\u00e3o especializada \u00e0 sa\u00fade. Outros R$ 20 milh\u00f5es ser\u00e3o destinados ao Sistema \u00danico de Sa\u00fade (SUS) para contratos de gest\u00e3o com organiza\u00e7\u00f5es sociais.<\/p>\n\n\n\n<p>Ao editar a MP, o governo argumentou que havia necessidade de novos leitos e de instala\u00e7\u00f5es com capacidade de assegurar suporte respirat\u00f3rio. \u201cSendo indispens\u00e1vel preparar a rede de aten\u00e7\u00e3o prim\u00e1ria para a expans\u00e3o da demanda, de modo a conter a transmissibilidade do v\u00edrus ao evitar a ida de pessoas com sintomas leves aos servi\u00e7os de urg\u00eancia ou hospitais, bem como identificar precocemente casos graves\u201d, afirma a justificativa da MP.<\/p>\n\n\n\n<h2 class=\"wp-block-heading\">Equipamentos e testes<\/h2>\n\n\n\n<p>De acordo com o texto da MP enviada pelo governo, o cr\u00e9dito extraordin\u00e1rio permitir\u00e1 que o Hospital Nossa Senhora da Concei\u00e7\u00e3o, localizado em Porto Alegre (RS), compre equipamentos de prote\u00e7\u00e3o individual (m\u00e1scaras, aventais, luvas, protetores faciais), testes e exames da covid-19 e alugue equipamentos (respiradores e monitores), com o total de R$ 23 milh\u00f5es de recursos.<\/p>\n\n\n\n<p>O texto da medida prev\u00ea que a maior parte dos recursos, alocados no Fundo Nacional de Sa\u00fade (FNS), ser\u00e3o usados para servi\u00e7os de sa\u00fade a cargo de estados e munic\u00edpios, para o pagamento de bolsas ou bonifica\u00e7\u00e3o aos estudantes universit\u00e1rios da \u00e1rea da sa\u00fade e m\u00e9dicos residentes; e tamb\u00e9m para a amplia\u00e7\u00e3o da conectividade \u00e0 internet de unidades de aten\u00e7\u00e3o prim\u00e1ria.<\/p>\n\n\n\n<p><em>* Com informa\u00e7\u00f5es da Ag\u00eancia C\u00e2mara de Not\u00edcias<\/em><\/p>\n\n\n\n<p>Por Heloisa Cristaldo &#8211; Rep\u00f3rter da Ag\u00eancia Brasil* &#8211; Bras\u00edlia<\/p>\n\n\n\n<p>Edi\u00e7\u00e3o: Kelly Oliveira<\/p>\n","protected":false},"excerpt":{"rendered":"<p>Texto ainda precisa ser aprovado pelo Senado A C\u00e2mara dos Deputados aprovou hoje (29) a<\/p>\n","protected":false},"author":2,"featured_media":1622,"comment_status":"open","ping_status":"open","sticky":false,"template":"","format":"standard","meta":{"footnotes":""},"categories":[15],"tags":[],"class_list":["post-1621","post","type-post","status-publish","format-standard","has-post-thumbnail","hentry","category-politica"],"_links":{"self":[{"href":"https:\/\/tvc16.com\/portal\/wp-json\/wp\/v2\/posts\/1621","targetHints":{"allow":["GET"]}}],"collection":[{"href":"https:\/\/tvc16.com\/portal\/wp-json\/wp\/v2\/posts"}],"about":[{"href":"https:\/\/tvc16.com\/portal\/wp-json\/wp\/v2\/types\/post"}],"author":[{"embeddable":true,"href":"https:\/\/tvc16.com\/portal\/wp-json\/wp\/v2\/users\/2"}],"replies":[{"embeddable":true,"href":"https:\/\/tvc16.com\/portal\/wp-json\/wp\/v2\/comments?post=1621"}],"version-history":[{"count":1,"href":"https:\/\/tvc16.com\/portal\/wp-json\/wp\/v2\/posts\/1621\/revisions"}],"predecessor-version":[{"id":1623,"href":"https:\/\/tvc16.com\/portal\/wp-json\/wp\/v2\/posts\/1621\/revisions\/1623"}],"wp:featuredmedia":[{"embeddable":true,"href":"https:\/\/tvc16.com\/portal\/wp-json\/wp\/v2\/media\/1622"}],"wp:attachment":[{"href":"https:\/\/tvc16.com\/portal\/wp-json\/wp\/v2\/media?parent=1621"}],"wp:term":[{"taxonomy":"category","embeddable":true,"href":"https:\/\/tvc16.com\/portal\/wp-json\/wp\/v2\/categories?post=1621"},{"taxonomy":"post_tag","embeddable":true,"href":"https:\/\/tvc16.com\/portal\/wp-json\/wp\/v2\/tags?post=1621"}],"curies":[{"name":"wp","href":"https:\/\/api.w.org\/{rel}","templated":true}]}}