{"id":1624,"date":"2020-09-30T11:58:47","date_gmt":"2020-09-30T11:58:47","guid":{"rendered":"https:\/\/tvc16.com\/portal\/?p=1624"},"modified":"2020-09-30T11:58:47","modified_gmt":"2020-09-30T11:58:47","slug":"eleitor-podera-justificar-falta-pelo-celular","status":"publish","type":"post","link":"https:\/\/tvc16.com\/portal\/2020\/09\/30\/eleitor-podera-justificar-falta-pelo-celular\/","title":{"rendered":"Eleitor poder\u00e1 justificar falta pelo celular"},"content":{"rendered":"\n<p>e-T\u00edtulo estar\u00e1 atualizado at\u00e9 as elei\u00e7\u00f5es para a justificativa<\/p>\n\n\n\n<p>As lojas de aplicativo de celular (app) colocam \u00e0 disposi\u00e7\u00e3o nesta&nbsp;quarta-feira (30) uma nova vers\u00e3o do e-T\u00edtulo com mais funcionalidades. O recurso eletr\u00f4nico possibilitar\u00e1 a justificativa de aus\u00eancia nas vota\u00e7\u00f5es de&nbsp;15 de novembro&nbsp;(1\u00ba turno) e&nbsp;29 de novembro&nbsp;(2\u00ba turno), at\u00e9 60 dias ap\u00f3s cada pleito, por meio dos celulares e<em>&nbsp;tablets.<\/em><\/p>\n\n\n\n<p>At\u00e9 as elei\u00e7\u00f5es, o e-T\u00edtulo estar\u00e1 atualizado para que as justificativas possam ser apresentadas a partir do dia da vota\u00e7\u00e3o por quem n\u00e3o compareceu &#8211; por estar fora do domic\u00edlio eleitoral ou impedido de ir \u00e0 zona eleitoral.<img decoding=\"async\" src=\"https:\/\/agenciabrasil.ebc.com.br\/ebc.png?id=1389310&amp;o=node\"><img decoding=\"async\" src=\"https:\/\/agenciabrasil.ebc.com.br\/ebc.gif?id=1389310&amp;o=node\"><\/p>\n\n\n\n<p>O e-T\u00edtulo, desenvolvido pelo Tribunal Superior Eleitoral (TSE), tamb\u00e9m permite ao cidad\u00e3o gerar certid\u00f5es de quita\u00e7\u00e3o eleitoral e de nada consta de crimes eleitorais, al\u00e9m de fazer a autentica\u00e7\u00e3o de documentos da Justi\u00e7a Eleitoral.<\/p>\n\n\n\n<p>O acesso ao aplicativo \u00e9 gratuito e funciona em sistemas operacionais&nbsp;<a href=\"https:\/\/play.google.com\/store\/apps\/details?id=br.jus.tse.eleitoral.etitulo&amp;hl=pt_BR\" target=\"_blank\" rel=\"noreferrer noopener\">Android<\/a>&nbsp;e&nbsp;<a href=\"https:\/\/apps.apple.com\/br\/app\/e-t%C3%ADtulo\/id1320338088\" target=\"_blank\" rel=\"noreferrer noopener\">iOs<\/a>&nbsp;.&nbsp;Conforme nota da Justi\u00e7a Eleitoral, para baixar o aplicativo, basta procur\u00e1-lo na loja de aplicativos do seu dispositivo m\u00f3vel ou acessar o&nbsp;<em>hotsite<\/em>&nbsp;do t\u00edtulo de eleitor no&nbsp;<a href=\"http:\/\/www.tse.jus.br\/\" target=\"_blank\" rel=\"noreferrer noopener\">Portal do TSE<\/a>.<\/p>\n\n\n\n<h2 class=\"wp-block-heading\">Justificativa obrigat\u00f3ria<\/h2>\n\n\n\n<p>Nas elei\u00e7\u00f5es de 2018, 29,9 milh\u00f5es de pessoas no primeiro turno e 31,3 milh\u00f5es de pessoas no segundo turno deixaram de votar. Quem at\u00e9&nbsp;hoje&nbsp;n\u00e3o justificou deve emitir o boleto para quita\u00e7\u00e3o de multas nos&nbsp;<em>site<\/em>s do TSE ou dos tribunais regionais eleitorais. A justificativa \u00e9 obrigat\u00f3ria.<\/p>\n\n\n\n<p>O pagamento deve ser feito pela Guia de Recolhimento da Uni\u00e3o (GRU) no Banco do Brasil. Depois de fazer&nbsp;o pagamento, o cidad\u00e3o deve aguardar a identifica\u00e7\u00e3o do recolhimento da multa pela Justi\u00e7a Eleitoral e o registro na inscri\u00e7\u00e3o pela zona eleitoral. Essas informa\u00e7\u00f5es estar\u00e3o dispon\u00edveis pelo e-T\u00edtulo.<\/p>\n\n\n\n<p>As solu\u00e7\u00f5es e os procedimentos acess\u00edveis pelo documento&nbsp;tamb\u00e9m podem ser acionados pelo&nbsp;<em>site<\/em>&nbsp;ou pessoalmente nas se\u00e7\u00f5es eleitorais. O TSE orienta que em caso de urg\u00eancia para a regulariza\u00e7\u00e3o da situa\u00e7\u00e3o eleitoral, o cidad\u00e3o deve entrar em contato com a zona eleitoral onde est\u00e1&nbsp;inscrito para orienta\u00e7\u00f5es sobre a baixa da multa no sistema.<\/p>\n\n\n\n<p>Conforme a Justi\u00e7a Eleitoral, o cidad\u00e3o que n\u00e3o votar por tr\u00eas pleitos, nem justificar aus\u00eancia, nem pagar as multas devidas&nbsp;ter\u00e1 o t\u00edtulo cancelado.<\/p>\n\n\n\n<p>Por Gilberto Costa &#8211; Rep\u00f3rter da Ag\u00eancia Brasil &#8211; Bras\u00edlia<\/p>\n\n\n\n<p>Edi\u00e7\u00e3o: Gra\u00e7a Adjuto<\/p>\n","protected":false},"excerpt":{"rendered":"<p>e-T\u00edtulo estar\u00e1 atualizado at\u00e9 as elei\u00e7\u00f5es para a justificativa As lojas de aplicativo de celular<\/p>\n","protected":false},"author":2,"featured_media":1625,"comment_status":"open","ping_status":"open","sticky":false,"template":"","format":"standard","meta":{"footnotes":""},"categories":[15],"tags":[],"class_list":["post-1624","post","type-post","status-publish","format-standard","has-post-thumbnail","hentry","category-politica"],"_links":{"self":[{"href":"https:\/\/tvc16.com\/portal\/wp-json\/wp\/v2\/posts\/1624","targetHints":{"allow":["GET"]}}],"collection":[{"href":"https:\/\/tvc16.com\/portal\/wp-json\/wp\/v2\/posts"}],"about":[{"href":"https:\/\/tvc16.com\/portal\/wp-json\/wp\/v2\/types\/post"}],"author":[{"embeddable":true,"href":"https:\/\/tvc16.com\/portal\/wp-json\/wp\/v2\/users\/2"}],"replies":[{"embeddable":true,"href":"https:\/\/tvc16.com\/portal\/wp-json\/wp\/v2\/comments?post=1624"}],"version-history":[{"count":1,"href":"https:\/\/tvc16.com\/portal\/wp-json\/wp\/v2\/posts\/1624\/revisions"}],"predecessor-version":[{"id":1626,"href":"https:\/\/tvc16.com\/portal\/wp-json\/wp\/v2\/posts\/1624\/revisions\/1626"}],"wp:featuredmedia":[{"embeddable":true,"href":"https:\/\/tvc16.com\/portal\/wp-json\/wp\/v2\/media\/1625"}],"wp:attachment":[{"href":"https:\/\/tvc16.com\/portal\/wp-json\/wp\/v2\/media?parent=1624"}],"wp:term":[{"taxonomy":"category","embeddable":true,"href":"https:\/\/tvc16.com\/portal\/wp-json\/wp\/v2\/categories?post=1624"},{"taxonomy":"post_tag","embeddable":true,"href":"https:\/\/tvc16.com\/portal\/wp-json\/wp\/v2\/tags?post=1624"}],"curies":[{"name":"wp","href":"https:\/\/api.w.org\/{rel}","templated":true}]}}