{"id":1633,"date":"2020-09-30T12:41:51","date_gmt":"2020-09-30T12:41:51","guid":{"rendered":"https:\/\/tvc16.com\/portal\/?p=1633"},"modified":"2020-09-30T12:41:51","modified_gmt":"2020-09-30T12:41:51","slug":"colisao-entre-moto-e-caminhao-deixa-jovem-ferido","status":"publish","type":"post","link":"https:\/\/tvc16.com\/portal\/2020\/09\/30\/colisao-entre-moto-e-caminhao-deixa-jovem-ferido\/","title":{"rendered":"Colis\u00e3o entre moto e caminh\u00e3o deixa jovem ferido"},"content":{"rendered":"\n<p>Um homem, de 22 anos que n\u00e3o teve a identidade divulgada, sofreu um acidente de moto hoje (30), por volta das 8h30, na Estrada da Saudade, pr\u00f3ximo a Montese. O motociclista sofreu ferimentos moderados, ap\u00f3s colidir contra um caminh\u00e3o. O estado de sa\u00fade dele ainda n\u00e3o foi informado. O Corpo de Bombeiros realizou o socorro da v\u00edtima, e a encaminhou para o Hospital Santa Teresa, no Bingen. Em breve mais detalhes.<\/p>\n\n\n\n<p>Foto: rede social<\/p>\n","protected":false},"excerpt":{"rendered":"<p>Um homem, de 22 anos que n\u00e3o teve a identidade divulgada, sofreu um acidente de<\/p>\n","protected":false},"author":2,"featured_media":1634,"comment_status":"open","ping_status":"open","sticky":false,"template":"","format":"standard","meta":{"footnotes":""},"categories":[12],"tags":[],"class_list":["post-1633","post","type-post","status-publish","format-standard","has-post-thumbnail","hentry","category-cidade"],"_links":{"self":[{"href":"https:\/\/tvc16.com\/portal\/wp-json\/wp\/v2\/posts\/1633","targetHints":{"allow":["GET"]}}],"collection":[{"href":"https:\/\/tvc16.com\/portal\/wp-json\/wp\/v2\/posts"}],"about":[{"href":"https:\/\/tvc16.com\/portal\/wp-json\/wp\/v2\/types\/post"}],"author":[{"embeddable":true,"href":"https:\/\/tvc16.com\/portal\/wp-json\/wp\/v2\/users\/2"}],"replies":[{"embeddable":true,"href":"https:\/\/tvc16.com\/portal\/wp-json\/wp\/v2\/comments?post=1633"}],"version-history":[{"count":1,"href":"https:\/\/tvc16.com\/portal\/wp-json\/wp\/v2\/posts\/1633\/revisions"}],"predecessor-version":[{"id":1635,"href":"https:\/\/tvc16.com\/portal\/wp-json\/wp\/v2\/posts\/1633\/revisions\/1635"}],"wp:featuredmedia":[{"embeddable":true,"href":"https:\/\/tvc16.com\/portal\/wp-json\/wp\/v2\/media\/1634"}],"wp:attachment":[{"href":"https:\/\/tvc16.com\/portal\/wp-json\/wp\/v2\/media?parent=1633"}],"wp:term":[{"taxonomy":"category","embeddable":true,"href":"https:\/\/tvc16.com\/portal\/wp-json\/wp\/v2\/categories?post=1633"},{"taxonomy":"post_tag","embeddable":true,"href":"https:\/\/tvc16.com\/portal\/wp-json\/wp\/v2\/tags?post=1633"}],"curies":[{"name":"wp","href":"https:\/\/api.w.org\/{rel}","templated":true}]}}