{"id":1639,"date":"2020-09-30T12:51:25","date_gmt":"2020-09-30T12:51:25","guid":{"rendered":"https:\/\/tvc16.com\/portal\/?p=1639"},"modified":"2020-09-30T12:51:25","modified_gmt":"2020-09-30T12:51:25","slug":"mec-publica-edital-para-50-mil-vagas-remanescentes-do-fies","status":"publish","type":"post","link":"https:\/\/tvc16.com\/portal\/2020\/09\/30\/mec-publica-edital-para-50-mil-vagas-remanescentes-do-fies\/","title":{"rendered":"MEC publica edital para 50 mil vagas remanescentes do Fies"},"content":{"rendered":"\n<p>Inscri\u00e7\u00f5es come\u00e7am no dia\u00a06 de outubro<\/p>\n\n\n\n<p>Est\u00e1 publicado no&nbsp;<a href=\"https:\/\/www.in.gov.br\/en\/web\/dou\/-\/edital-n-57-de-25-de-setembro-de-2020-fundo-de-financiamento-estudantil-fies-processo-de-ocupacao-de-vagas-remanescentes-segundo-semestre-de-2020-280029657\" target=\"_blank\" rel=\"noreferrer noopener\"><em>Di\u00e1rio Oficial da Uni\u00e3o<\/em><\/a>&nbsp;desta ter\u00e7a-feira (29) o edital do&nbsp;processo de inscri\u00e7\u00e3o para cerca de 50 mil vagas remanescentes do Fundo de Financiamento Estudantil (Fies) para o 2\u00ba semestre de 2020. As inscri\u00e7\u00f5es ser\u00e3o abertas no dia&nbsp;6 de outubro, exclusivamente na p\u00e1gina do Fies. Os candidatos n\u00e3o matriculados em uma institui\u00e7\u00e3o de ensino superior podem se inscrever at\u00e9 as 23h59 do dia&nbsp;13 de outubro. Para os j\u00e1 matriculados, o prazo vai at\u00e9 13 de novembro.<img decoding=\"async\" src=\"https:\/\/agenciabrasil.ebc.com.br\/ebc.png?id=1389222&amp;o=node\"><img decoding=\"async\" src=\"https:\/\/agenciabrasil.ebc.com.br\/ebc.gif?id=1389222&amp;o=node\"><\/p>\n\n\n\n<p>Para se candidatar \u00e9 necess\u00e1rio&nbsp;ter&nbsp;participado de uma das edi\u00e7\u00f5es do Exame Nacional do Ensino M\u00e9dio (Enem) a partir de 2010,&nbsp;ter&nbsp;obtido no m\u00ednimo 450 pontos na m\u00e9dia das cinco provas do exame e n\u00e3o&nbsp;ter&nbsp;zerado a prova de reda\u00e7\u00e3o. O interessado precisa ainda&nbsp;ter&nbsp;renda mensal bruta de at\u00e9 tr\u00eas sal\u00e1rios m\u00ednimos por pessoa da fam\u00edlia.<\/p>\n\n\n\n<p>A ocupa\u00e7\u00e3o das vagas, segundo o Minist\u00e9rio da Educa\u00e7\u00e3o, ser\u00e1 feita de acordo com a ordem de conclus\u00e3o das inscri\u00e7\u00f5es. O candidato que precisar alterar informa\u00e7\u00f5es depois da inscri\u00e7\u00e3o conclu\u00edda no sistema&nbsp;ter\u00e1 de cancelar e fazer de novo o procedimento. Durante esse procedimento, a mesma vaga escolhida anteriormente poder\u00e1 ser ocupada por outro candidato que concluir a inscri\u00e7\u00e3o antes.<\/p>\n\n\n\n<p>Por Karine Melo &#8211; Rep\u00f3rter da Ag\u00eancia Brasil &#8211; Bras\u00edlia<\/p>\n\n\n\n<p>Edi\u00e7\u00e3o: Gra\u00e7a Adjuto<\/p>\n","protected":false},"excerpt":{"rendered":"<p>Inscri\u00e7\u00f5es come\u00e7am no dia\u00a06 de outubro Est\u00e1 publicado no&nbsp;Di\u00e1rio Oficial da Uni\u00e3o&nbsp;desta ter\u00e7a-feira (29) o<\/p>\n","protected":false},"author":2,"featured_media":1640,"comment_status":"open","ping_status":"open","sticky":false,"template":"","format":"standard","meta":{"footnotes":""},"categories":[19],"tags":[],"class_list":["post-1639","post","type-post","status-publish","format-standard","has-post-thumbnail","hentry","category-educacao"],"_links":{"self":[{"href":"https:\/\/tvc16.com\/portal\/wp-json\/wp\/v2\/posts\/1639","targetHints":{"allow":["GET"]}}],"collection":[{"href":"https:\/\/tvc16.com\/portal\/wp-json\/wp\/v2\/posts"}],"about":[{"href":"https:\/\/tvc16.com\/portal\/wp-json\/wp\/v2\/types\/post"}],"author":[{"embeddable":true,"href":"https:\/\/tvc16.com\/portal\/wp-json\/wp\/v2\/users\/2"}],"replies":[{"embeddable":true,"href":"https:\/\/tvc16.com\/portal\/wp-json\/wp\/v2\/comments?post=1639"}],"version-history":[{"count":1,"href":"https:\/\/tvc16.com\/portal\/wp-json\/wp\/v2\/posts\/1639\/revisions"}],"predecessor-version":[{"id":1641,"href":"https:\/\/tvc16.com\/portal\/wp-json\/wp\/v2\/posts\/1639\/revisions\/1641"}],"wp:featuredmedia":[{"embeddable":true,"href":"https:\/\/tvc16.com\/portal\/wp-json\/wp\/v2\/media\/1640"}],"wp:attachment":[{"href":"https:\/\/tvc16.com\/portal\/wp-json\/wp\/v2\/media?parent=1639"}],"wp:term":[{"taxonomy":"category","embeddable":true,"href":"https:\/\/tvc16.com\/portal\/wp-json\/wp\/v2\/categories?post=1639"},{"taxonomy":"post_tag","embeddable":true,"href":"https:\/\/tvc16.com\/portal\/wp-json\/wp\/v2\/tags?post=1639"}],"curies":[{"name":"wp","href":"https:\/\/api.w.org\/{rel}","templated":true}]}}